{"id":11807,"date":"2022-07-18T22:55:48","date_gmt":"2022-07-19T01:55:48","guid":{"rendered":"https:\/\/www.inovelondrina.com.br\/agencia\/?p=11807"},"modified":"2022-08-02T06:47:45","modified_gmt":"2022-08-02T09:47:45","slug":"pandemia-derruba-taxas-de-doacao-e-transplantes-de-orgaos","status":"publish","type":"post","link":"https:\/\/www.inovelondrina.com.br\/agencia\/pandemia-derruba-taxas-de-doacao-e-transplantes-de-orgaos\/","title":{"rendered":"Pandemia derruba taxas de doa\u00e7\u00e3o e transplantes de \u00f3rg\u00e3os"},"content":{"rendered":"<p>&nbsp;<\/p>\n<p>&nbsp;<\/p>\n<p><img loading=\"lazy\" decoding=\"async\" class=\"alignnone size-medium wp-image-11882\" src=\"https:\/\/www.inovelondrina.com.br\/agencia\/wp-content\/uploads\/2022\/07\/Folha_de_Londrina2022-07-18_page1_page-0001-194x300.jpg\" alt=\"\" width=\"194\" height=\"300\" srcset=\"https:\/\/www.inovelondrina.com.br\/agencia\/wp-content\/uploads\/2022\/07\/Folha_de_Londrina2022-07-18_page1_page-0001-194x300.jpg 194w, https:\/\/www.inovelondrina.com.br\/agencia\/wp-content\/uploads\/2022\/07\/Folha_de_Londrina2022-07-18_page1_page-0001-94x146.jpg 94w, https:\/\/www.inovelondrina.com.br\/agencia\/wp-content\/uploads\/2022\/07\/Folha_de_Londrina2022-07-18_page1_page-0001-32x50.jpg 32w, https:\/\/www.inovelondrina.com.br\/agencia\/wp-content\/uploads\/2022\/07\/Folha_de_Londrina2022-07-18_page1_page-0001-48x75.jpg 48w, https:\/\/www.inovelondrina.com.br\/agencia\/wp-content\/uploads\/2022\/07\/Folha_de_Londrina2022-07-18_page1_page-0001.jpg 661w\" sizes=\"auto, (max-width: 194px) 100vw, 194px\" \/>\u00a0 \u00a0 \u00a0 \u00a0 \u00a0 \u00a0 <img loading=\"lazy\" decoding=\"async\" class=\"alignnone size-medium wp-image-11883\" src=\"https:\/\/www.inovelondrina.com.br\/agencia\/wp-content\/uploads\/2022\/07\/Folha_de_Londrina2022-07-18_page10_page-0001-198x300.jpg\" alt=\"\" width=\"198\" height=\"300\" srcset=\"https:\/\/www.inovelondrina.com.br\/agencia\/wp-content\/uploads\/2022\/07\/Folha_de_Londrina2022-07-18_page10_page-0001-198x300.jpg 198w, https:\/\/www.inovelondrina.com.br\/agencia\/wp-content\/uploads\/2022\/07\/Folha_de_Londrina2022-07-18_page10_page-0001-97x146.jpg 97w, https:\/\/www.inovelondrina.com.br\/agencia\/wp-content\/uploads\/2022\/07\/Folha_de_Londrina2022-07-18_page10_page-0001-33x50.jpg 33w, https:\/\/www.inovelondrina.com.br\/agencia\/wp-content\/uploads\/2022\/07\/Folha_de_Londrina2022-07-18_page10_page-0001-50x75.jpg 50w, https:\/\/www.inovelondrina.com.br\/agencia\/wp-content\/uploads\/2022\/07\/Folha_de_Londrina2022-07-18_page10_page-0001.jpg 677w\" sizes=\"auto, (max-width: 198px) 100vw, 198px\" \/><img loading=\"lazy\" decoding=\"async\" class=\"alignnone size-medium wp-image-11884\" src=\"https:\/\/www.inovelondrina.com.br\/agencia\/wp-content\/uploads\/2022\/07\/Folha_de_Londrina2022-07-18_page11_page-0001-198x300.jpg\" alt=\"\" width=\"198\" height=\"300\" srcset=\"https:\/\/www.inovelondrina.com.br\/agencia\/wp-content\/uploads\/2022\/07\/Folha_de_Londrina2022-07-18_page11_page-0001-198x300.jpg 198w, https:\/\/www.inovelondrina.com.br\/agencia\/wp-content\/uploads\/2022\/07\/Folha_de_Londrina2022-07-18_page11_page-0001-97x146.jpg 97w, https:\/\/www.inovelondrina.com.br\/agencia\/wp-content\/uploads\/2022\/07\/Folha_de_Londrina2022-07-18_page11_page-0001-33x50.jpg 33w, https:\/\/www.inovelondrina.com.br\/agencia\/wp-content\/uploads\/2022\/07\/Folha_de_Londrina2022-07-18_page11_page-0001-50x75.jpg 50w, https:\/\/www.inovelondrina.com.br\/agencia\/wp-content\/uploads\/2022\/07\/Folha_de_Londrina2022-07-18_page11_page-0001.jpg 677w\" sizes=\"auto, (max-width: 198px) 100vw, 198px\" \/><\/p>\n<p>No Brasil, doa\u00e7\u00f5es ca\u00edram 8,6% em 2022 e fila de espera chega a 50 mil; no Paran\u00e1, mais de 2,4 mil pacientes aguardam receber um \u00f3rg\u00e3o Simoni Saris<\/p>\n<p>As taxas de transplante de \u00f3rg\u00e3os no Brasil ca\u00edram em 2020, no in\u00edcio da pandemia, e mesmo com os \u00edndices de infec\u00e7\u00e3o pela Covid-19 controlados, os n\u00fameros seguem baixos. Uma das raz\u00f5es \u00e9 a quantidade de doadores, que somente neste ano teve queda de 8,6% na compara\u00e7\u00e3o com 2021, segundo dados do RBT (Registro Brasileiro de Transplantes) da ABTO (Associa\u00e7\u00e3o Brasileira de Transplante de \u00d3rg\u00e3os).<\/p>\n<p>Enquanto isso, a fila de es pera s\u00f3 aumenta. Em todo o pa\u00eds, a alta foi de mais de 30% e cerca de 50 mil pessoas aguardam por \u00f3rg\u00e3os ou tecidos, de acordo com a entidade. No Paran\u00e1, o n\u00famero de receptores ativos de janeiro a maio de 2022 j\u00e1 \u00e9 26,95% maior do que em todo o ano passado. S\u00e3o 2.454 pacientes aptos para o transplante \u00e0 espera de um doador. O levantamento da ABTO mostra queda em todos os tipos de transplantes de janeiro a maio de 2022. Os maiores percentuais foram observados nos transplantes de p\u00e2ncreas e pulm\u00e3o, com redu\u00e7\u00e3o de 37,5% e 25%, respectivamente. Mas os transplantes de rim, \u00f3rg\u00e3o cuja fila de espera \u00e9 a mais longa, tamb\u00e9m ca\u00edram, 13,8%, assim como os de f\u00edga do (11,5%), cora\u00e7\u00e3o (12,5%), c\u00f3rneas (7,1%) e c\u00e9lulas hematopoi\u00e9ticas (12,2%).<\/p>\n<p>No primeiro semestre de 2022, 8.469 pacientes entraram na lista de espera no pa\u00eds e 804 morreram enquanto aguardavam um doador, segundo a associa\u00e7\u00e3o. \u201cO n\u00famero de transplantes de rim, cora\u00e7\u00e3o e pulm\u00e3o teve uma redu\u00e7\u00e3o importante, chegando at\u00e9 a 70%. Nos transplantes de c\u00f3rnea, a queda chegou a 90%\u201d, destacou a m\u00e9dica Ilka Boin, diretora da Unidade de Transplantes de F\u00edgado da Unicamp (Universidade Estadual de Campinas) e membro da diretoria da ABTO. \u201cEm 2021, come\u00e7ou a melhorar, mas em 2022, no primeiro trimestre, n\u00e3o observamos a recupera\u00e7\u00e3o.\u201d Al\u00e9m da pandemia, a baixa nas taxas de transplantes realizados tamb\u00e9m pode ser explicada pela maior recusa dos familiares em fazer a doa\u00e7\u00e3o. Embora o \u00edndice de notifica\u00e7\u00e3o dos potenciais doadores, de 56,7 pmp (por milh\u00e3o de popula\u00e7\u00e3o), tenha ca\u00eddo apenas 1,7%, a taxa de efetiva\u00e7\u00e3o da doa\u00e7\u00e3o, de 24 pmp, diminuiu 6,9%. A quantidade de fam\u00edlias que n\u00e3o autorizaram a doa\u00e7\u00e3o dos \u00f3rg\u00e3os cresceu 9,5% no per\u00edodo. Dos parentes entrevistados, 46% disseram n\u00e3o quando consultados sobre a possibilidade de doa\u00e7\u00e3o dos \u00f3rg\u00e3os. J\u00e1 a taxa decontraindica\u00e7\u00e3o m\u00e9dica, embora ainda esteja bem acima dos anos pr\u00e9-pandemia, quando ficava em torno de 14%, caiu 8,7% na compara\u00e7\u00e3o com 2021 e ficou em 21%.<\/p>\n<p>A ABTO avalia que essa queda pode ser reflexo da liberaliza\u00e7\u00e3o parcial do uso de doadores com Covid-19 atual ou no passado. \u201cO aumento de 9% na recusa das fam\u00edlias parece pouco, mas em n\u00fameros absolutos \u00e9 muito\u201d, disse Boin. Fatores emocionais e a n\u00e3o conscientiza\u00e7\u00e3o das pessoas sobre a import\u00e2ncia de expressar a vontade de doar aos familiares tamb\u00e9m interferem no n\u00famero de trans.<\/p>\n<p>A gente solicita \u00e0s pessoas que voltem a conversar com suas fam\u00edlias sobre o ato de doar\u201d O aumento de 9% na recusa das<br \/>\nfam\u00edlias parece pouco, mas em n\u00fameros absolutos \u00e9 muito\u201d plantes. \u201cCom a pandemia, muitas pessoas mudaram de casa, de cidade, voltaram a morar perto de parentes com quem n\u00e3o conversaram sobre a possibilidade de doa\u00e7\u00e3o de \u00f3rg\u00e3os. Tem uma conjun\u00e7\u00e3o s\u00f3cio-econ\u00f4mico-cultural que n\u00e3o est\u00e1 normaliza\u00a0 da porque a pandemia ainda n\u00e3o acabou. Por isso, a gente solicita \u00e0s pessoas que voltem a conversar com suas fam\u00edlias sobre o ato de doar ou n\u00e3o\u201d, analisa a m\u00e9dica.<\/p>\n<p>A diretora da ABTO cita ainda como uma das causas da queda no n\u00famero de cirurgias de transplante uma quest\u00e3o pol\u00edtica, que \u00e9 o sub financiamento da atividade.<\/p>\n<p>Profissionais e entidades do setor aguardam a publica\u00e7\u00e3o de uma portaria j\u00e1 assina da pelo Minist\u00e9rio da Sa\u00fade que ir\u00e1 regularizar o finan<br \/>\nciamento dos procedimentos para transplantes. A tabela de valores n\u00e3o \u00e9 atualizada h\u00e1 uma d\u00e9cada. \u201cO reajuste deveria acontecer de acor<br \/>\ndo com a infla\u00e7\u00e3o. Os insumos hospitalares s\u00e3o baseados em d\u00f3lar. Em 2012, o d\u00f3lar estava cotado a R$2. Hoje, est\u00e1 mais de R$ 5\u201d, compara.<br \/>\nA defasagem na tabela, salientou Boin, n\u00e3o faz com que as unidades credenciadas deixem de realizar as cirurgias, mas com a corre\u00e7\u00e3o de pre\u00e7os, o n\u00famero de procedimentos poderia crescer. \u201cSe acabar o material, n\u00e3o adiante ter \u00f3rg\u00e3o dispon\u00edvel.\u201d<\/p>\n<p>Acesse: <a href=\"https:\/\/www.folhadelondrina.com.br\/geral\/pandemia-derruba-taxas-de-doacao-e-transplantes-de-orgaos-3208537e.html\">https:\/\/www.folhadelondrina.com.br\/geral\/pandemia-derruba-taxas-de-doacao-e-transplantes-de-orgaos-3208537e.html<\/a><\/p>\n<p><a href=\"https:\/\/www.inovelondrina.com.br\/agencia\/wp-content\/uploads\/2022\/07\/Folha_de_Londrina2022-07-18_page1.pdf\">Folha_de_Londrina(2022-07-18)_page1<\/a><\/p>\n<p><a href=\"https:\/\/www.inovelondrina.com.br\/agencia\/wp-content\/uploads\/2022\/07\/Folha_de_Londrina2022-07-18_page10.pdf\">Folha_de_Londrina(2022-07-18)_page10<\/a><\/p>\n<p><a href=\"https:\/\/www.inovelondrina.com.br\/agencia\/wp-content\/uploads\/2022\/07\/Folha_de_Londrina2022-07-18_page11.pdf\">Folha_de_Londrina(2022-07-18)_page11<\/a><\/p>\n","protected":false},"excerpt":{"rendered":"<p>&nbsp; &nbsp; \u00a0 \u00a0 \u00a0 \u00a0 \u00a0 \u00a0 No Brasil, doa\u00e7\u00f5es ca\u00edram 8,6% em 2022 e fila de espera chega a 50 mil; no Paran\u00e1, mais<span class=\"excerpt-hellip\"> [?]<\/span><\/p>\n","protected":false},"author":111,"featured_media":9071,"comment_status":"closed","ping_status":"open","sticky":false,"template":"","format":"standard","meta":{"_joinchat":[],"footnotes":""},"categories":[171],"tags":[],"class_list":["post-11807","post","type-post","status-publish","format-standard","has-post-thumbnail","hentry","category-hospital-evangelico"],"_links":{"self":[{"href":"https:\/\/www.inovelondrina.com.br\/agencia\/wp-json\/wp\/v2\/posts\/11807","targetHints":{"allow":["GET"]}}],"collection":[{"href":"https:\/\/www.inovelondrina.com.br\/agencia\/wp-json\/wp\/v2\/posts"}],"about":[{"href":"https:\/\/www.inovelondrina.com.br\/agencia\/wp-json\/wp\/v2\/types\/post"}],"author":[{"embeddable":true,"href":"https:\/\/www.inovelondrina.com.br\/agencia\/wp-json\/wp\/v2\/users\/111"}],"replies":[{"embeddable":true,"href":"https:\/\/www.inovelondrina.com.br\/agencia\/wp-json\/wp\/v2\/comments?post=11807"}],"version-history":[{"count":3,"href":"https:\/\/www.inovelondrina.com.br\/agencia\/wp-json\/wp\/v2\/posts\/11807\/revisions"}],"predecessor-version":[{"id":11888,"href":"https:\/\/www.inovelondrina.com.br\/agencia\/wp-json\/wp\/v2\/posts\/11807\/revisions\/11888"}],"wp:featuredmedia":[{"embeddable":true,"href":"https:\/\/www.inovelondrina.com.br\/agencia\/wp-json\/wp\/v2\/media\/9071"}],"wp:attachment":[{"href":"https:\/\/www.inovelondrina.com.br\/agencia\/wp-json\/wp\/v2\/media?parent=11807"}],"wp:term":[{"taxonomy":"category","embeddable":true,"href":"https:\/\/www.inovelondrina.com.br\/agencia\/wp-json\/wp\/v2\/categories?post=11807"},{"taxonomy":"post_tag","embeddable":true,"href":"https:\/\/www.inovelondrina.com.br\/agencia\/wp-json\/wp\/v2\/tags?post=11807"}],"curies":[{"name":"wp","href":"https:\/\/api.w.org\/{rel}","templated":true}]}}