{"id":11804,"date":"2022-06-22T22:52:52","date_gmt":"2022-06-23T01:52:52","guid":{"rendered":"https:\/\/www.inovelondrina.com.br\/agencia\/?p=11804"},"modified":"2022-07-28T22:54:24","modified_gmt":"2022-07-29T01:54:24","slug":"hospital-evangelico-ganha-nova-torre-de-elevadores-2","status":"publish","type":"post","link":"https:\/\/www.inovelondrina.com.br\/agencia\/hospital-evangelico-ganha-nova-torre-de-elevadores-2\/","title":{"rendered":"Hospital Evang\u00e9lico ganha nova torre de elevadores"},"content":{"rendered":"<div class=\"td-post-header td-pb-padding-side\">\n<header>\n<div class=\"meta-info\">\n<div class=\"td-post-author-name\">\n<div class=\"td-author-by\">Por<a href=\"https:\/\/londrix.com.br\/?author=23\"> Da Reda\u00e7\u00e3o<\/a><\/div>\n<div class=\"td-author-line\"><\/div>\n<\/div>\n<\/div>\n<\/header>\n<\/div>\n<div class=\"td-post-content td-pb-padding-side\">\n<div class=\"td-post-featured-image\"><a class=\"td-modal-image\" href=\"https:\/\/londrix.com.br\/wp-content\/uploads\/2022\/06\/images.jpeg\" data-caption=\"\"><img loading=\"lazy\" decoding=\"async\" class=\"entry-thumb td-animation-stack-type0-1\" title=\"images\" src=\"https:\/\/londrix.com.br\/wp-content\/uploads\/2022\/06\/images.jpeg\" alt=\"\" width=\"634\" height=\"350\" \/><\/a><\/div>\n<div class=\"td-g-rec td-g-rec-id-content_top td_uid_10_62e33a8448117_rand td_block_template_1\"><\/div>\n<p>O Hospital Evang\u00e9lico de Londrina realizar\u00e1 nesta quinta-feira, dia 23 de junho, \u00e0s 11h00, a entrega da sua nova torre de elevadores. A obra, que est\u00e1 em curso desde abril de 2021, \u00e9 esperada h\u00e1 mais de 36 anos. O projeto realizado contemplou a constru\u00e7\u00e3o de uma torre com 2 elevadores e uma escada enclausurada, adequa\u00e7\u00f5es necess\u00e1rias para as normas t\u00e9cnicas de seguran\u00e7a vigentes do corpo de bombeiros. Al\u00e9m disso, os novos elevadores ir\u00e3o melhorar a agilidade nos transportes dos pacientes, impactando diretamente na seguran\u00e7a e qualidade assistencial da institui\u00e7\u00e3o.<\/p>\n<p>A obra ficou parada por mais de 3 d\u00e9cadas e s\u00f3 foi poss\u00edvel ser conclu\u00edda gra\u00e7as ao conv\u00eanio realizado com o governo do Estado do Paran\u00e1. O custo total da obra \u00e9 de R$ 3,184 milh\u00f5es e contou com a investimento de mais de R$ 2,5 milh\u00f5es do governo, por meio da Secretaria de Estado da Sa\u00fade. Houve ainda uma contrapartida de mais de meio milh\u00e3o de reais do pr\u00f3prio Hospital Evang\u00e9lico de Londrina.<\/p>\n<p>Foi convidado para o evento o governador do Estado do Paran\u00e1, Ratinho J\u00fanior. A cerim\u00f4nia contar\u00e1 com a presen\u00e7a do Secret\u00e1rio de Estado da Sa\u00fade do Paran\u00e1, Dr. C\u00e9sar Augusto Neves Luiz e outras autoridades locais.<\/p>\n<p>O Hospital Evang\u00e9lico de Londrina \u00e9 uma institui\u00e7\u00e3o filantr\u00f3pica, sem fins lucrativos, com mais de 60% de seus atendimentos voltados ao Sistema \u00danico de Sa\u00fade \u00e9 o primeiro e \u00fanico hospital do norte do Paran\u00e1 a possuir o selo de Acreditado com Excel\u00eancia pela ONA \u2013 Organiza\u00e7\u00e3o Nacional de Acredita\u00e7\u00e3o.<\/p>\n<p>Acesse: <a href=\"https:\/\/londrix.com.br\/?p=35181\">https:\/\/londrix.com.br\/?p=35181<\/a><\/p>\n<\/div>\n","protected":false},"excerpt":{"rendered":"<p>Por Da Reda\u00e7\u00e3o O Hospital Evang\u00e9lico de Londrina realizar\u00e1 nesta quinta-feira, dia 23 de junho, \u00e0s 11h00, a entrega da sua nova torre de elevadores. A<span class=\"excerpt-hellip\"> [?]<\/span><\/p>\n","protected":false},"author":111,"featured_media":9787,"comment_status":"closed","ping_status":"open","sticky":false,"template":"","format":"standard","meta":{"_joinchat":[],"footnotes":""},"categories":[171],"tags":[],"class_list":["post-11804","post","type-post","status-publish","format-standard","has-post-thumbnail","hentry","category-hospital-evangelico"],"_links":{"self":[{"href":"https:\/\/www.inovelondrina.com.br\/agencia\/wp-json\/wp\/v2\/posts\/11804","targetHints":{"allow":["GET"]}}],"collection":[{"href":"https:\/\/www.inovelondrina.com.br\/agencia\/wp-json\/wp\/v2\/posts"}],"about":[{"href":"https:\/\/www.inovelondrina.com.br\/agencia\/wp-json\/wp\/v2\/types\/post"}],"author":[{"embeddable":true,"href":"https:\/\/www.inovelondrina.com.br\/agencia\/wp-json\/wp\/v2\/users\/111"}],"replies":[{"embeddable":true,"href":"https:\/\/www.inovelondrina.com.br\/agencia\/wp-json\/wp\/v2\/comments?post=11804"}],"version-history":[{"count":1,"href":"https:\/\/www.inovelondrina.com.br\/agencia\/wp-json\/wp\/v2\/posts\/11804\/revisions"}],"predecessor-version":[{"id":11805,"href":"https:\/\/www.inovelondrina.com.br\/agencia\/wp-json\/wp\/v2\/posts\/11804\/revisions\/11805"}],"wp:featuredmedia":[{"embeddable":true,"href":"https:\/\/www.inovelondrina.com.br\/agencia\/wp-json\/wp\/v2\/media\/9787"}],"wp:attachment":[{"href":"https:\/\/www.inovelondrina.com.br\/agencia\/wp-json\/wp\/v2\/media?parent=11804"}],"wp:term":[{"taxonomy":"category","embeddable":true,"href":"https:\/\/www.inovelondrina.com.br\/agencia\/wp-json\/wp\/v2\/categories?post=11804"},{"taxonomy":"post_tag","embeddable":true,"href":"https:\/\/www.inovelondrina.com.br\/agencia\/wp-json\/wp\/v2\/tags?post=11804"}],"curies":[{"name":"wp","href":"https:\/\/api.w.org\/{rel}","templated":true}]}}