{"id":11801,"date":"2022-07-11T22:51:00","date_gmt":"2022-07-12T01:51:00","guid":{"rendered":"https:\/\/www.inovelondrina.com.br\/agencia\/?p=11801"},"modified":"2022-07-28T22:52:32","modified_gmt":"2022-07-29T01:52:32","slug":"hospital-evangelico-lanca-programa-cirurgia-para-todos","status":"publish","type":"post","link":"https:\/\/www.inovelondrina.com.br\/agencia\/hospital-evangelico-lanca-programa-cirurgia-para-todos\/","title":{"rendered":"Hospital Evang\u00e9lico lan\u00e7a programa \u201cCirurgia para todos\u201d"},"content":{"rendered":"<div class=\"td-post-header td-pb-padding-side\">\n<header>\n<div class=\"meta-info\">\n<div class=\"td-post-author-name\">\n<div class=\"td-author-by\">Por<a href=\"https:\/\/londrix.com.br\/?author=23\"> Da Reda\u00e7\u00e3o<\/a><\/div>\n<\/div>\n<p><span class=\"td-post-date\">11 de julho de 2022<\/span><\/div>\n<\/header>\n<\/div>\n<div class=\"td-post-content td-pb-padding-side\">\n<p>O Hospital Evang\u00e9lico de Londrina apresentar\u00e1, em coletiva de imprensa, \u00e0s 14h desta quarta-feira, 13 de julho, o Programa Cirurgia para Todos, que pretende facilitar e ampliar o acesso da popula\u00e7\u00e3o a procedimentos cir\u00fargicos de qualidade, principalmente para quem n\u00e3o possui um plano de sa\u00fade suplementar. O cen\u00e1rio nacional para cirurgias eletivas \u00e9 de filas e longas esperas, e a estimativa no Paran\u00e1 \u00e9 que sejam 200 mil procedimentos eletivos, caracterizados como priorit\u00e1rios, que est\u00e3o aguardando agendamento, cen\u00e1rio que foi agravado durante o per\u00edodo de pandemia.<\/p>\n<p>Para atender este p\u00fablico o Hospital Evang\u00e9lico de Londrina lan\u00e7ou o Programa Cirurgia para Todos, que vai facilitar o acesso por meio da sa\u00fade privada. O programa consiste na cria\u00e7\u00e3o de uma tabela diferenciada e formas de pagamento facilitado, ampliando o acesso da popula\u00e7\u00e3o aos servi\u00e7os de sa\u00fade. O pacote contempla todo o procedimento, di\u00e1rias e honor\u00e1rios m\u00e9dicos. O processo de atendimento tamb\u00e9m \u00e9 in\u00e9dito na regi\u00e3o: o paciente ir\u00e1 direto ao hospital para a consulta de avalia\u00e7\u00e3o e ser\u00e1 encaminhado para o especialista parceiro. Confirmada a necessidade, o procedimento ser\u00e1 agendado e realizado.<\/p>\n<p>\u201cA possibilidade de oferecer tratamento cir\u00fargico seguro a pacientes que n\u00e3o possuem conv\u00eanio de sa\u00fade, de forma mais acess\u00edvel, \u00e9 a realiza\u00e7\u00e3o da filosofia que rege as diretrizes do HE Londrina. A cria\u00e7\u00e3o deste programa entrega \u00e0 comunidade a possibilidade de tratamento no hospital de melhor qualidade assistencial da regi\u00e3o\u201d, garante o diretor m\u00e9dico do Hospital Evang\u00e9lico de Londrina, Emanuel Gois Junior.<\/p>\n<p>O superintendente da institui\u00e7\u00e3o, Eduardo Otoni, explica que neste primeiro momento o objetivo do programa \u00e9 ampliar o acesso da popula\u00e7\u00e3o aos procedimentos cir\u00fargicos: \u201cO programa \u00e9 a democratiza\u00e7\u00e3o da sa\u00fade, aumentando o acesso da popula\u00e7\u00e3o \u00e0 procedimentos m\u00e9dicos. O nosso hospital \u00e9 refer\u00eancia cir\u00fargica e vendo a crescente demanda na busca por esses atendimentos, fizemos o que est\u00e1 ao nosso alcance. Com a otimiza\u00e7\u00e3o das equipes, utiliza\u00e7\u00e3o do centro cir\u00fargico fora dos hor\u00e1rios de pico e parcerias com o corpo cl\u00ednico, conseguimos reduzir os valores mantendo a qualidade e a seguran\u00e7a do paciente\u201d, finaliza Eduardo Otoni.<\/p>\n<p>Para mais informa\u00e7\u00f5es sobre como participar do programa, o interessado deve buscar o Hospital Evang\u00e9lico de Londrina, pelo telefone (43) 3378.1334.<\/p>\n<\/div>\n<p>Acesse: <a href=\"https:\/\/londrix.com.br\/?p=35454\">https:\/\/londrix.com.br\/?p=35454<\/a><\/p>\n","protected":false},"excerpt":{"rendered":"<p>Por Da Reda\u00e7\u00e3o 11 de julho de 2022 O Hospital Evang\u00e9lico de Londrina apresentar\u00e1, em coletiva de imprensa, \u00e0s 14h desta quarta-feira, 13 de julho, o<span class=\"excerpt-hellip\"> [?]<\/span><\/p>\n","protected":false},"author":111,"featured_media":9787,"comment_status":"closed","ping_status":"open","sticky":false,"template":"","format":"standard","meta":{"_joinchat":[],"footnotes":""},"categories":[171],"tags":[],"class_list":["post-11801","post","type-post","status-publish","format-standard","has-post-thumbnail","hentry","category-hospital-evangelico"],"_links":{"self":[{"href":"https:\/\/www.inovelondrina.com.br\/agencia\/wp-json\/wp\/v2\/posts\/11801","targetHints":{"allow":["GET"]}}],"collection":[{"href":"https:\/\/www.inovelondrina.com.br\/agencia\/wp-json\/wp\/v2\/posts"}],"about":[{"href":"https:\/\/www.inovelondrina.com.br\/agencia\/wp-json\/wp\/v2\/types\/post"}],"author":[{"embeddable":true,"href":"https:\/\/www.inovelondrina.com.br\/agencia\/wp-json\/wp\/v2\/users\/111"}],"replies":[{"embeddable":true,"href":"https:\/\/www.inovelondrina.com.br\/agencia\/wp-json\/wp\/v2\/comments?post=11801"}],"version-history":[{"count":2,"href":"https:\/\/www.inovelondrina.com.br\/agencia\/wp-json\/wp\/v2\/posts\/11801\/revisions"}],"predecessor-version":[{"id":11803,"href":"https:\/\/www.inovelondrina.com.br\/agencia\/wp-json\/wp\/v2\/posts\/11801\/revisions\/11803"}],"wp:featuredmedia":[{"embeddable":true,"href":"https:\/\/www.inovelondrina.com.br\/agencia\/wp-json\/wp\/v2\/media\/9787"}],"wp:attachment":[{"href":"https:\/\/www.inovelondrina.com.br\/agencia\/wp-json\/wp\/v2\/media?parent=11801"}],"wp:term":[{"taxonomy":"category","embeddable":true,"href":"https:\/\/www.inovelondrina.com.br\/agencia\/wp-json\/wp\/v2\/categories?post=11801"},{"taxonomy":"post_tag","embeddable":true,"href":"https:\/\/www.inovelondrina.com.br\/agencia\/wp-json\/wp\/v2\/tags?post=11801"}],"curies":[{"name":"wp","href":"https:\/\/api.w.org\/{rel}","templated":true}]}}