{"id":11777,"date":"2022-06-27T22:26:18","date_gmt":"2022-06-28T01:26:18","guid":{"rendered":"https:\/\/www.inovelondrina.com.br\/agencia\/?p=11777"},"modified":"2022-07-28T22:28:23","modified_gmt":"2022-07-29T01:28:23","slug":"portaria-do-ministerio-da-saude-confirma-recursos","status":"publish","type":"post","link":"https:\/\/www.inovelondrina.com.br\/agencia\/portaria-do-ministerio-da-saude-confirma-recursos\/","title":{"rendered":"Portaria do Minist\u00e9rio da Sa\u00fade confirma recursos"},"content":{"rendered":"<h4 class=\"post-title entry-title\"><strong>Portaria do Minist\u00e9rio da Sa\u00fade confirma recursos de R$ 10,2 milh\u00f5es destinados por Filipe Barros para grandes hospitais de Londrina<\/strong><\/h4>\n<p>A portaria no. 1.829, assinada no dia 24 de junho e publicada em Di\u00e1rio Oficial da Uni\u00e3o, habilitando estados e munic\u00edpios a receberem recursos para servi\u00e7os de Aten\u00e7\u00e3o Especializada \u00e0 Sa\u00fade, confirma o envio de R$ 10, 2 milh\u00f5es destinados por Filipe Barros a institui\u00e7\u00f5es de Londrina.<\/p>\n<p>A Irmandade Santa Casa de Londrina e o Hospital Evang\u00e9lico de Londrina receber\u00e3o R$ 4 milh\u00f5es, respectivamente, e o Hospital do C\u00e2ncer receber\u00e1 R$ 2.2 milh\u00f5es.<\/p>\n<p>TOTAL \u2013 A soma de recursos enviados por Filipe Barros para a \u00e1rea da sa\u00fade entre 2019 e 2022 \u00e9 de R$ 22 milh\u00f5es abrangendo, al\u00e9m dos grandes hospitais como Santa Casa, Evang\u00e9lico, Hospital do C\u00e2ncer, HU e Hoftalon, as a\u00e7\u00f5es de combate durante a pandemia da Covid-19.<\/p>\n<p>Ainda para apoiar as a\u00e7\u00f5es de sa\u00fade em Londrina, o deputado Filie Barros destinou mais de R$ 3,6 milh\u00f5es a entidades assist\u00eancias que tamb\u00e9m prestam servi\u00e7os de sa\u00fade como Instituto Londrinense de Educa\u00e7\u00e3o e Surdos (ILES), Casa do Bom Samaritano, Asilo S\u00e3o Vicente de Paulo, Instituto Uni\u00e3o para a Vit\u00f3ria, Minist\u00e9rio Evang\u00e9lico Pr\u00f3-Vida, Instituto Londrinense de Educa\u00e7\u00e3o para Crian\u00e7as Excepcionais (Ilece), APAE, APS Down, SOS, Instituto Roberto Miranda e Associa\u00e7\u00e3o Fl\u00e1via Cristina.<\/p>\n<p>Acesse: <a href=\"https:\/\/tribunadovale.com.br\/portaria-do-ministerio-da-saude-confirma-recursos-de-r-102-milhoes-destinados-por-filipe-barros-para-grandes-hospitais-de-londrina\/\">https:\/\/tribunadovale.com.br\/portaria-do-ministerio-da-saude-confirma-recursos-de-r-102-milhoes-destinados-por-filipe-barros-para-grandes-hospitais-de-londrina\/<\/a><\/p>\n","protected":false},"excerpt":{"rendered":"<p>Portaria do Minist\u00e9rio da Sa\u00fade confirma recursos de R$ 10,2 milh\u00f5es destinados por Filipe Barros para grandes hospitais de Londrina A portaria no. 1.829, assinada no<span class=\"excerpt-hellip\"> [?]<\/span><\/p>\n","protected":false},"author":111,"featured_media":9929,"comment_status":"closed","ping_status":"open","sticky":false,"template":"","format":"standard","meta":{"_joinchat":[],"footnotes":""},"categories":[171],"tags":[],"class_list":["post-11777","post","type-post","status-publish","format-standard","has-post-thumbnail","hentry","category-hospital-evangelico"],"_links":{"self":[{"href":"https:\/\/www.inovelondrina.com.br\/agencia\/wp-json\/wp\/v2\/posts\/11777","targetHints":{"allow":["GET"]}}],"collection":[{"href":"https:\/\/www.inovelondrina.com.br\/agencia\/wp-json\/wp\/v2\/posts"}],"about":[{"href":"https:\/\/www.inovelondrina.com.br\/agencia\/wp-json\/wp\/v2\/types\/post"}],"author":[{"embeddable":true,"href":"https:\/\/www.inovelondrina.com.br\/agencia\/wp-json\/wp\/v2\/users\/111"}],"replies":[{"embeddable":true,"href":"https:\/\/www.inovelondrina.com.br\/agencia\/wp-json\/wp\/v2\/comments?post=11777"}],"version-history":[{"count":1,"href":"https:\/\/www.inovelondrina.com.br\/agencia\/wp-json\/wp\/v2\/posts\/11777\/revisions"}],"predecessor-version":[{"id":11778,"href":"https:\/\/www.inovelondrina.com.br\/agencia\/wp-json\/wp\/v2\/posts\/11777\/revisions\/11778"}],"wp:featuredmedia":[{"embeddable":true,"href":"https:\/\/www.inovelondrina.com.br\/agencia\/wp-json\/wp\/v2\/media\/9929"}],"wp:attachment":[{"href":"https:\/\/www.inovelondrina.com.br\/agencia\/wp-json\/wp\/v2\/media?parent=11777"}],"wp:term":[{"taxonomy":"category","embeddable":true,"href":"https:\/\/www.inovelondrina.com.br\/agencia\/wp-json\/wp\/v2\/categories?post=11777"},{"taxonomy":"post_tag","embeddable":true,"href":"https:\/\/www.inovelondrina.com.br\/agencia\/wp-json\/wp\/v2\/tags?post=11777"}],"curies":[{"name":"wp","href":"https:\/\/api.w.org\/{rel}","templated":true}]}}