{"id":11775,"date":"2022-06-27T22:24:07","date_gmt":"2022-06-28T01:24:07","guid":{"rendered":"https:\/\/www.inovelondrina.com.br\/agencia\/?p=11775"},"modified":"2022-07-28T22:26:11","modified_gmt":"2022-07-29T01:26:11","slug":"hospitais-de-londrina-receberao-mais-de-r-10-milhoes","status":"publish","type":"post","link":"https:\/\/www.inovelondrina.com.br\/agencia\/hospitais-de-londrina-receberao-mais-de-r-10-milhoes\/","title":{"rendered":"Hospitais de Londrina receber\u00e3o mais de R$ 10 milh\u00f5es"},"content":{"rendered":"<div class=\"detail-resume row\">\n<h4>O envio de recursos foi confirmado pelo Minist\u00e9rio da Sa\u00fade<\/h4>\n<\/div>\n<div class=\"detail-author row\">\n<h6>Jornalismo Paiquer\u00ea FM News<\/h6>\n<\/div>\n<div class=\"detail-date row\">\n<div class=\"col-md-9\">\n<h6>27 Jun\u00a02022 13:10<\/h6>\n<\/div>\n<\/div>\n<div class=\"responsive-padding row\">\n<div class=\"detail-body\">\n<p>O Minist\u00e9rio da Sa\u00fade confirmou, atrav\u00e9s da portaria n\u00ba 1.829, o envio de R$ 10,2 milh\u00f5es destinados pelo deputado federal Filipe Barros (PL\/PR) a institui\u00e7\u00f5es de sa\u00fade do munic\u00edpio de Londrina. A Irmandade Santa Casa e o Hospital Evang\u00e9lico (HE) receber\u00e3o R$ 4 milh\u00f5es cada e o Hospital do C\u00e2ncer receber\u00e1 R$ 2.2 milh\u00f5es.<\/p>\n<p>A soma de recursos enviados por Filipe Barros para a \u00e1rea da sa\u00fade de Londrina entre 2019 e 2022 \u00e9 de R$ 22 milh\u00f5es, abrangendo, al\u00e9m dos grandes hospitais, as a\u00e7\u00f5es de combate durante a pandemia de Covid-19.<\/p>\n<p>Ainda para apoiar as a\u00e7\u00f5es de sa\u00fade em Londrina, o deputado Filie Barros destinou mais de R$ 3,6 milh\u00f5es a entidades assist\u00eancias que tamb\u00e9m prestam servi\u00e7os de sa\u00fade, como o Instituto Londrinense de Educa\u00e7\u00e3o e Surdos (ILES), a Casa do Bom Samaritano, o Asilo S\u00e3o Vicente de Paulo, o Instituto Uni\u00e3o para a Vit\u00f3ria, o Minist\u00e9rio Evang\u00e9lico Pr\u00f3-Vida, o Instituto Londrinense de Educa\u00e7\u00e3o para Crian\u00e7as Excepcionais (Ilece), APAE, APS Down, SOS, Instituto Roberto Miranda e Associa\u00e7\u00e3o Fl\u00e1via Cristina.<\/p>\n<\/div>\n<p>Confira: <a href=\"https:\/\/paiquerefmnews.com.br\/noticia\/hospitais-de-londrina-receberao-mais-de-r-10-milhoes-destinados-por-filipe-barros\">https:\/\/paiquerefmnews.com.br\/noticia\/hospitais-de-londrina-receberao-mais-de-r-10-milhoes-destinados-por-filipe-barros<\/a><\/p>\n<\/div>\n","protected":false},"excerpt":{"rendered":"<p>O envio de recursos foi confirmado pelo Minist\u00e9rio da Sa\u00fade Jornalismo Paiquer\u00ea FM News 27 Jun\u00a02022 13:10 O Minist\u00e9rio da Sa\u00fade confirmou, atrav\u00e9s da portaria n\u00ba<span class=\"excerpt-hellip\"> [?]<\/span><\/p>\n","protected":false},"author":111,"featured_media":8410,"comment_status":"closed","ping_status":"open","sticky":false,"template":"","format":"standard","meta":{"_joinchat":[],"footnotes":""},"categories":[171],"tags":[],"class_list":["post-11775","post","type-post","status-publish","format-standard","has-post-thumbnail","hentry","category-hospital-evangelico"],"_links":{"self":[{"href":"https:\/\/www.inovelondrina.com.br\/agencia\/wp-json\/wp\/v2\/posts\/11775","targetHints":{"allow":["GET"]}}],"collection":[{"href":"https:\/\/www.inovelondrina.com.br\/agencia\/wp-json\/wp\/v2\/posts"}],"about":[{"href":"https:\/\/www.inovelondrina.com.br\/agencia\/wp-json\/wp\/v2\/types\/post"}],"author":[{"embeddable":true,"href":"https:\/\/www.inovelondrina.com.br\/agencia\/wp-json\/wp\/v2\/users\/111"}],"replies":[{"embeddable":true,"href":"https:\/\/www.inovelondrina.com.br\/agencia\/wp-json\/wp\/v2\/comments?post=11775"}],"version-history":[{"count":1,"href":"https:\/\/www.inovelondrina.com.br\/agencia\/wp-json\/wp\/v2\/posts\/11775\/revisions"}],"predecessor-version":[{"id":11776,"href":"https:\/\/www.inovelondrina.com.br\/agencia\/wp-json\/wp\/v2\/posts\/11775\/revisions\/11776"}],"wp:featuredmedia":[{"embeddable":true,"href":"https:\/\/www.inovelondrina.com.br\/agencia\/wp-json\/wp\/v2\/media\/8410"}],"wp:attachment":[{"href":"https:\/\/www.inovelondrina.com.br\/agencia\/wp-json\/wp\/v2\/media?parent=11775"}],"wp:term":[{"taxonomy":"category","embeddable":true,"href":"https:\/\/www.inovelondrina.com.br\/agencia\/wp-json\/wp\/v2\/categories?post=11775"},{"taxonomy":"post_tag","embeddable":true,"href":"https:\/\/www.inovelondrina.com.br\/agencia\/wp-json\/wp\/v2\/tags?post=11775"}],"curies":[{"name":"wp","href":"https:\/\/api.w.org\/{rel}","templated":true}]}}