{"id":11681,"date":"2022-06-23T15:58:41","date_gmt":"2022-06-23T18:58:41","guid":{"rendered":"https:\/\/www.inovelondrina.com.br\/agencia\/?p=11681"},"modified":"2022-07-22T16:02:45","modified_gmt":"2022-07-22T19:02:45","slug":"hospital-evangelico-de-londrina-inaugura-a-nova-torre-de-elevadores","status":"publish","type":"post","link":"https:\/\/www.inovelondrina.com.br\/agencia\/hospital-evangelico-de-londrina-inaugura-a-nova-torre-de-elevadores\/","title":{"rendered":"Hospital Evang\u00e9lico de Londrina inaugura a nova torre de elevadores"},"content":{"rendered":"<div class=\"info-post\">\n<div class=\"pos-info-post\">\n<div class=\"data-post\">23\/06\/2022 \u00e0s 16h50<\/div>\n<\/div>\n<div class=\"pos-info-post\">\n<div class=\"info-autor\"><b>Por: <\/b> Reda\u00e7\u00e3o <b>Fonte: <\/b> Secom Paran\u00e1<\/div>\n<\/div>\n<\/div>\n<div class=\"pos-texto\">\n<div class=\"texto\">\n<p>Ap\u00f3s mais de 36 anos de espera, o Hospital Evang\u00e9lico de Londrina p\u00f4de inaugurar a nova torre de elevadores nesta quinta-feira (23). A obra teve o custo total de R$ 3,1 milh\u00f5es, sendo R$ 2,6 milh\u00f5es do Governo do Estado e o restante de contrapartida da pr\u00f3pria unidade.<\/p>\n<p>O projeto iniciado em 2021 contempla a constru\u00e7\u00e3o de uma torre com dois elevadores e uma escada enclausurada. A nova estrutura melhora a agilidade e a seguran\u00e7a no transporte de pacientes, impactando diretamente na qualidade da assist\u00eancia hospitalar.\u00a0A nova obra totaliza 900 metros quadrados e possibilitar\u00e1 acesso ao 8\u00ba e 9\u00ba andares do hospital, onde ser\u00e3o constru\u00eddos mais 32 leitos.<\/p>\n<p>O secret\u00e1rio de Estado da Sa\u00fade, C\u00e9sar Neves, que participou da inaugura\u00e7\u00e3o, disse que os novos elevadores aprimoram o atendimento n\u00e3o s\u00f3 para os pacientes mas para os profissionais do hospital. \u201cS\u00e3o mais de tr\u00eas d\u00e9cadas de uma espera que se encerra agora com a entrega dessa obra, gra\u00e7as \u00e0 confian\u00e7a do governador Ratinho Junior em investir na amplia\u00e7\u00e3o e melhoria dos servi\u00e7os de Sa\u00fade em todo o Paran\u00e1\u201d, disse.<\/p>\n<p>O hospital, que \u00e9 uma entidade filantr\u00f3pica, possui 368 leitos e atende aproximadamente 5 mil pacientes por m\u00eas. A unidade \u00e9 refer\u00eancia na Regi\u00e3o Norte do Paran\u00e1 e que 60% dos atendimentos s\u00e3o voltados para o Sistema \u00danico de Sa\u00fade (SUS). No \u00faltimo ano foram 64 mil atendimentos, mais de 22 mil interna\u00e7\u00f5es e cerca de 3 mil cirurgias por m\u00eas.<\/p>\n<p>\u201cSe n\u00e3o fosse a ajuda do Estado essa obra n\u00e3o seria poss\u00edvel. Queremos avan\u00e7ar ainda mais, proporcionando maior seguran\u00e7a para nossos pacientes e integrando futuramente o programa de cirurgias eletivas do Estado, Opera Paran\u00e1\u201d, disse o superintendente do hospital, Eduardo Bistratini Otoni.<\/p>\n<p><strong>PRESEN\u00c7AS<\/strong>\u2013 Estiveram presentes na inaugura\u00e7\u00e3o o deputado estadual Terc\u00edlio Turini; o presidente da C\u00e2mara de Vereadores de Londrina, Jairo Tamura; a prefeita de Tamarana, Luzia Suzukawa; o vice-prefeito de Apucarana, Paulo S\u00e9rgio Vital; o presidente do Conselho de Administra\u00e7\u00e3o da Aebel (Associa\u00e7\u00e3o Evang\u00e9lica Beneficente de Londrina), Eduardo Sene Cardoso; al\u00e9m de profissionais do hospital e gestores municipais.<\/p>\n<\/div>\n<p>Acesse: <a href=\"https:\/\/comvcportal.com.br\/noticia\/26657\/com-apoio-do-estado-hospital-evangelico-de-londrina-inaugura-a-nova-torre-de-elevadores\">https:\/\/comvcportal.com.br\/noticia\/26657\/com-apoio-do-estado-hospital-evangelico-de-londrina-inaugura-a-nova-torre-de-elevadores<\/a><\/p>\n<\/div>\n","protected":false},"excerpt":{"rendered":"<p>23\/06\/2022 \u00e0s 16h50 Por: Reda\u00e7\u00e3o Fonte: Secom Paran\u00e1 Ap\u00f3s mais de 36 anos de espera, o Hospital Evang\u00e9lico de Londrina p\u00f4de inaugurar a nova torre de<span class=\"excerpt-hellip\"> [?]<\/span><\/p>\n","protected":false},"author":111,"featured_media":11682,"comment_status":"closed","ping_status":"open","sticky":false,"template":"","format":"standard","meta":{"_joinchat":[],"footnotes":""},"categories":[171],"tags":[],"class_list":["post-11681","post","type-post","status-publish","format-standard","has-post-thumbnail","hentry","category-hospital-evangelico"],"_links":{"self":[{"href":"https:\/\/www.inovelondrina.com.br\/agencia\/wp-json\/wp\/v2\/posts\/11681","targetHints":{"allow":["GET"]}}],"collection":[{"href":"https:\/\/www.inovelondrina.com.br\/agencia\/wp-json\/wp\/v2\/posts"}],"about":[{"href":"https:\/\/www.inovelondrina.com.br\/agencia\/wp-json\/wp\/v2\/types\/post"}],"author":[{"embeddable":true,"href":"https:\/\/www.inovelondrina.com.br\/agencia\/wp-json\/wp\/v2\/users\/111"}],"replies":[{"embeddable":true,"href":"https:\/\/www.inovelondrina.com.br\/agencia\/wp-json\/wp\/v2\/comments?post=11681"}],"version-history":[{"count":3,"href":"https:\/\/www.inovelondrina.com.br\/agencia\/wp-json\/wp\/v2\/posts\/11681\/revisions"}],"predecessor-version":[{"id":11685,"href":"https:\/\/www.inovelondrina.com.br\/agencia\/wp-json\/wp\/v2\/posts\/11681\/revisions\/11685"}],"wp:featuredmedia":[{"embeddable":true,"href":"https:\/\/www.inovelondrina.com.br\/agencia\/wp-json\/wp\/v2\/media\/11682"}],"wp:attachment":[{"href":"https:\/\/www.inovelondrina.com.br\/agencia\/wp-json\/wp\/v2\/media?parent=11681"}],"wp:term":[{"taxonomy":"category","embeddable":true,"href":"https:\/\/www.inovelondrina.com.br\/agencia\/wp-json\/wp\/v2\/categories?post=11681"},{"taxonomy":"post_tag","embeddable":true,"href":"https:\/\/www.inovelondrina.com.br\/agencia\/wp-json\/wp\/v2\/tags?post=11681"}],"curies":[{"name":"wp","href":"https:\/\/api.w.org\/{rel}","templated":true}]}}