{"id":11677,"date":"2022-06-23T15:52:56","date_gmt":"2022-06-23T18:52:56","guid":{"rendered":"https:\/\/www.inovelondrina.com.br\/agencia\/?p=11677"},"modified":"2022-07-22T15:55:38","modified_gmt":"2022-07-22T18:55:38","slug":"com-investimento-de-r-26-milhoes-governo-entrega-obra","status":"publish","type":"post","link":"https:\/\/www.inovelondrina.com.br\/agencia\/com-investimento-de-r-26-milhoes-governo-entrega-obra\/","title":{"rendered":"Com investimento de R$ 2,6 milh\u00f5es, Governo entrega obra"},"content":{"rendered":"<p>Ap\u00f3s mais de 36 anos de espera, o Hospital Evang\u00e9lico de Londrina pode inaugurar a nova torre de elevadores nesta quinta-feira (23). A obra teve o custo total de R$ 3,1 milh\u00f5es, sendo R$ 2,6 milh\u00f5es do Governo do Estado e o restante de contrapartida da pr\u00f3pria unidade.<\/p>\n<p>O projeto estava sendo realizado desde abril de 2021 e contempla a constru\u00e7\u00e3o de uma torre com dois elevadores e uma escada enclausurada. A obra visa principalmente melhorar a agilidade e seguran\u00e7a no transporte de pacientes, impactando diretamente na qualidade da assist\u00eancia hospitalar.<\/p>\n<p>O secret\u00e1rio de Estado da Sa\u00fade, C\u00e9sar Neves, participou da inaugura\u00e7\u00e3o e entrega oficial da obra. \u201cEssa obra melhora o atendimento n\u00e3o s\u00f3 para os pacientes mas para os profissionais deste hospital. S\u00e3o mais de tr\u00eas d\u00e9cadas de espera que se encerra agora com a entrega dessa obra, gra\u00e7as a confian\u00e7a do governador Ratinho Junior em investir na amplia\u00e7\u00e3o e melhoria dos servi\u00e7os de Sa\u00fade em todo o Paran\u00e1\u201d.<\/p>\n<p>A nova obra totaliza 900 metros quadrados e possibilitar\u00e1 acesso ao 8\u00ba e 9\u00ba andares do hospital, onde ser\u00e3o constru\u00eddos mais 32 leitos para amplia\u00e7\u00e3o do atendimento hospitalar na unidade.<\/p>\n<p>O hospital, que \u00e9 uma entidade filantr\u00f3pica, possui 368 leitos e atende aproximadamente cinco mil pacientes por m\u00eas. A unidade \u00e9 refer\u00eancia na Regi\u00e3o Norte do Paran\u00e1, sendo que 60% dos atendimentos da unidade s\u00e3o voltados para o Sistema \u00danico de Sa\u00fade (SUS). No \u00faltimo ano foram realizados 64 mil atendimentos, mais de 22 mil interna\u00e7\u00f5es, al\u00e9m de mais tr\u00eas mil cirurgias por m\u00eas.<\/p>\n<p>\u201cSe n\u00e3o fosse a ajuda do Estado essa obra n\u00e3o seria poss\u00edvel. Queremos avan\u00e7ar ainda mais, proporcionando mais seguran\u00e7a para nossos pacientes e integrando futuramente o programa de cirurgias eletivas do Estado, Opera Paran\u00e1\u201d, disse o superintendente do hospital, Eduardo Bistratini Otoni.<\/p>\n<p>Estiveram presentes na inaugura\u00e7\u00e3o o deputado estadual Terc\u00edlio Turini; o presidente da C\u00e2mara de Vereadores de Londrina, Jairo Tamura; a prefeita de Tamarana, Luzia Suzukawa; o vice-prefeito de Apucarana, Paulo S\u00e9rgio Vital; o presidente do Conselho de Administra\u00e7\u00e3o da AEBEL, Eduardo Sene Cardoso; al\u00e9m de profissionais do hospital e gestores municipais.<\/p>\n","protected":false},"excerpt":{"rendered":"<p>Ap\u00f3s mais de 36 anos de espera, o Hospital Evang\u00e9lico de Londrina pode inaugurar a nova torre de elevadores nesta quinta-feira (23). A obra teve o<span class=\"excerpt-hellip\"> [?]<\/span><\/p>\n","protected":false},"author":111,"featured_media":7274,"comment_status":"closed","ping_status":"open","sticky":false,"template":"","format":"standard","meta":{"_joinchat":[],"footnotes":""},"categories":[171],"tags":[],"class_list":["post-11677","post","type-post","status-publish","format-standard","has-post-thumbnail","hentry","category-hospital-evangelico"],"_links":{"self":[{"href":"https:\/\/www.inovelondrina.com.br\/agencia\/wp-json\/wp\/v2\/posts\/11677","targetHints":{"allow":["GET"]}}],"collection":[{"href":"https:\/\/www.inovelondrina.com.br\/agencia\/wp-json\/wp\/v2\/posts"}],"about":[{"href":"https:\/\/www.inovelondrina.com.br\/agencia\/wp-json\/wp\/v2\/types\/post"}],"author":[{"embeddable":true,"href":"https:\/\/www.inovelondrina.com.br\/agencia\/wp-json\/wp\/v2\/users\/111"}],"replies":[{"embeddable":true,"href":"https:\/\/www.inovelondrina.com.br\/agencia\/wp-json\/wp\/v2\/comments?post=11677"}],"version-history":[{"count":1,"href":"https:\/\/www.inovelondrina.com.br\/agencia\/wp-json\/wp\/v2\/posts\/11677\/revisions"}],"predecessor-version":[{"id":11678,"href":"https:\/\/www.inovelondrina.com.br\/agencia\/wp-json\/wp\/v2\/posts\/11677\/revisions\/11678"}],"wp:featuredmedia":[{"embeddable":true,"href":"https:\/\/www.inovelondrina.com.br\/agencia\/wp-json\/wp\/v2\/media\/7274"}],"wp:attachment":[{"href":"https:\/\/www.inovelondrina.com.br\/agencia\/wp-json\/wp\/v2\/media?parent=11677"}],"wp:term":[{"taxonomy":"category","embeddable":true,"href":"https:\/\/www.inovelondrina.com.br\/agencia\/wp-json\/wp\/v2\/categories?post=11677"},{"taxonomy":"post_tag","embeddable":true,"href":"https:\/\/www.inovelondrina.com.br\/agencia\/wp-json\/wp\/v2\/tags?post=11677"}],"curies":[{"name":"wp","href":"https:\/\/api.w.org\/{rel}","templated":true}]}}