{"id":11667,"date":"2022-06-10T15:41:22","date_gmt":"2022-06-10T18:41:22","guid":{"rendered":"https:\/\/www.inovelondrina.com.br\/agencia\/?p=11667"},"modified":"2022-07-22T15:43:49","modified_gmt":"2022-07-22T18:43:49","slug":"superlotacao-dos-hospitais-e-tema-de-debate-na-camara","status":"publish","type":"post","link":"https:\/\/www.inovelondrina.com.br\/agencia\/superlotacao-dos-hospitais-e-tema-de-debate-na-camara\/","title":{"rendered":"Superlota\u00e7\u00e3o dos hospitais \u00e9 tema de debate na c\u00e2mara"},"content":{"rendered":"<header class=\"titulo-pagina\">Enquanto que no Evang\u00e9lico foi preciso dobrar o n\u00famero de leitos de pediatria, no Hospital Infantil o pronto-socorro ficou metade do m\u00eas passado fechado por conta da falta de profissionais. Minist\u00e9rio P\u00fablico pede reorganiza\u00e7\u00e3o do fluxo de consultas, e que, al\u00e9m do PAI, hospitais secund\u00e1rios e postos de sa\u00fade tamb\u00e9m ajudem no atendimento das crian\u00e7as.<\/p>\n<\/header>\n<div class=\"conteudo\">\n<p>A C\u00e2mara Municipal de Londrina realizou uma reuni\u00e3o p\u00fablica nesta sexta-feira (10) para discutir os problemas causados pela chamada crise da pediatria na cidade. Apesar de o epicentro dos transtornos ser o PAI, Pronto Atendimento Infantil, que, nas \u00faltimas semanas, tem registrado epis\u00f3dios de superlota\u00e7\u00e3o e demora no atendimento das crian\u00e7as, a audi\u00eancia tamb\u00e9m abordou as dificuldades enfrentadas pela pediatria dos hospitais terci\u00e1rios, que atendem casos de m\u00e9dia e alta complexidade no munic\u00edpio.<\/p>\n<p>No Hospital Universit\u00e1rio (HU), por exemplo, o pronto-socorro infantil suspendeu o atendimento de forma tempor\u00e1ria esta semana por conta da alta procura. E essa situa\u00e7\u00e3o complicada seria a mesma no Evang\u00e9lico (HE) e no Hospital Infantil, que \u00e9 o &#8220;bra\u00e7o&#8221; pedi\u00e1trico da Santa Casa no munic\u00edpio. Enquanto que no HE foi preciso dobrar o n\u00famero de leitos pedi\u00e1tricos para dar conta da grande demanda, no Infantil o pronto-socorro passou metade do m\u00eas passado fechado por conta da falta de profissionais para o atendimento dos pacientes.<\/p>\n<p>A gerente executiva da Santa Casa de Londrina, Ana Luz, confirmou que a procura por atendimento pedi\u00e1trico est\u00e1 duas vezes maior se comparada \u00e0 m\u00e9dia registrada na cidade. De acordo com ela, acostumadas a atender cerca de 60 crian\u00e7as por dia, as equipes est\u00e3o tendo que lidar, atualmente, com 120 atendimentos di\u00e1rios. Ela garantiu que o n\u00famero de profissionais j\u00e1 foi refor\u00e7ado, e destacou que, antes de cobrar, \u00e9 preciso entender a complexidade do atual momento.<\/p>\n<p>Rodrigo Bettega, diretor-t\u00e9cnico do Hospital Evang\u00e9lico, confirmou as dificuldades e a alta procura por atendimento pedi\u00e1trico no munic\u00edpio.<\/p>\n<p>J\u00e1 em rela\u00e7\u00e3o ao PAI, o secret\u00e1rio municipal de Sa\u00fade, Felippe Machado, lembrou que a prefeitura chegou a contratar, no m\u00eas passado, uma empresa para fornecer mais pediatras ao pronto-atendimento, mas que o contrato foi rompido ap\u00f3s o registro de diversos problemas na presta\u00e7\u00e3o de servi\u00e7o. Ele revelou que o munic\u00edpio pretende fazer mais uma contrata\u00e7\u00e3o emergencial nas pr\u00f3ximas semanas, adiantando, no entanto, que o PAI, sozinho, n\u00e3o vai conseguir dar conta de toda a demanda.<\/p>\n<p>Presente na reuni\u00e3o p\u00fablica, a promotora de Defesa da Sa\u00fade, Susana de Lacerda, reconheceu as dificuldades enfrentadas pelo poder p\u00fablico, destacando que \u00e9 preciso reorganizar o fluxo de atendimentos de modo que os hospitais secund\u00e1rios, como o da Zona Norte e o da Zona Sul, e as pr\u00f3prias unidades b\u00e1sicas de sa\u00fade tamb\u00e9m participem da rede de pediatria na cidade.<\/p>\n<p>A presidente da Comiss\u00e3o de Seguridade Social da C\u00e2mara, vereadora Lenir de Assis, deve elaborar requerimentos com as propostas elencadas durante a reuni\u00e3o p\u00fablica para, posteriormente, conforme ela, cobrar do poder p\u00fablico a execu\u00e7\u00e3o das mesmas.<\/p>\n<p>&nbsp;<\/p>\n<p>Com a colabora\u00e7\u00e3o da assessoria de imprensa da C\u00e2mara Municipal de Londrina.<\/p>\n<\/div>\n<div class=\"item-por\">Por <b>Guilherme Batista<\/b><\/div>\n","protected":false},"excerpt":{"rendered":"<p>Enquanto que no Evang\u00e9lico foi preciso dobrar o n\u00famero de leitos de pediatria, no Hospital Infantil o pronto-socorro ficou metade do m\u00eas passado fechado por conta<span class=\"excerpt-hellip\"> [?]<\/span><\/p>\n","protected":false},"author":111,"featured_media":4319,"comment_status":"closed","ping_status":"open","sticky":false,"template":"","format":"standard","meta":{"_joinchat":[],"footnotes":""},"categories":[171],"tags":[],"class_list":["post-11667","post","type-post","status-publish","format-standard","has-post-thumbnail","hentry","category-hospital-evangelico"],"_links":{"self":[{"href":"https:\/\/www.inovelondrina.com.br\/agencia\/wp-json\/wp\/v2\/posts\/11667","targetHints":{"allow":["GET"]}}],"collection":[{"href":"https:\/\/www.inovelondrina.com.br\/agencia\/wp-json\/wp\/v2\/posts"}],"about":[{"href":"https:\/\/www.inovelondrina.com.br\/agencia\/wp-json\/wp\/v2\/types\/post"}],"author":[{"embeddable":true,"href":"https:\/\/www.inovelondrina.com.br\/agencia\/wp-json\/wp\/v2\/users\/111"}],"replies":[{"embeddable":true,"href":"https:\/\/www.inovelondrina.com.br\/agencia\/wp-json\/wp\/v2\/comments?post=11667"}],"version-history":[{"count":1,"href":"https:\/\/www.inovelondrina.com.br\/agencia\/wp-json\/wp\/v2\/posts\/11667\/revisions"}],"predecessor-version":[{"id":11668,"href":"https:\/\/www.inovelondrina.com.br\/agencia\/wp-json\/wp\/v2\/posts\/11667\/revisions\/11668"}],"wp:featuredmedia":[{"embeddable":true,"href":"https:\/\/www.inovelondrina.com.br\/agencia\/wp-json\/wp\/v2\/media\/4319"}],"wp:attachment":[{"href":"https:\/\/www.inovelondrina.com.br\/agencia\/wp-json\/wp\/v2\/media?parent=11667"}],"wp:term":[{"taxonomy":"category","embeddable":true,"href":"https:\/\/www.inovelondrina.com.br\/agencia\/wp-json\/wp\/v2\/categories?post=11667"},{"taxonomy":"post_tag","embeddable":true,"href":"https:\/\/www.inovelondrina.com.br\/agencia\/wp-json\/wp\/v2\/tags?post=11667"}],"curies":[{"name":"wp","href":"https:\/\/api.w.org\/{rel}","templated":true}]}}