{"id":11662,"date":"2022-06-02T15:35:25","date_gmt":"2022-06-02T18:35:25","guid":{"rendered":"https:\/\/www.inovelondrina.com.br\/agencia\/?p=11662"},"modified":"2022-07-22T15:41:04","modified_gmt":"2022-07-22T18:41:04","slug":"covid-19-79-dos-pacientes-mortos-nao-tinham-dose-de-reforco","status":"publish","type":"post","link":"https:\/\/www.inovelondrina.com.br\/agencia\/covid-19-79-dos-pacientes-mortos-nao-tinham-dose-de-reforco\/","title":{"rendered":"Covid-19: 79% dos pacientes mortos n\u00e3o tinham dose de refor\u00e7o"},"content":{"rendered":"<div style=\"width: 1220px;\" class=\"wp-video\"><video class=\"wp-video-shortcode\" id=\"video-11662-1\" width=\"1220\" height=\"686\" preload=\"metadata\" controls=\"controls\"><source type=\"video\/mp4\" src=\"https:\/\/www.inovelondrina.com.br\/agencia\/wp-content\/uploads\/2022\/07\/02-06-22-Covid-19-79-dos-pacientes-mortos-nao-tinham-dose-de-reforco1.mp4?_=1\" \/><a href=\"https:\/\/www.inovelondrina.com.br\/agencia\/wp-content\/uploads\/2022\/07\/02-06-22-Covid-19-79-dos-pacientes-mortos-nao-tinham-dose-de-reforco1.mp4\">https:\/\/www.inovelondrina.com.br\/agencia\/wp-content\/uploads\/2022\/07\/02-06-22-Covid-19-79-dos-pacientes-mortos-nao-tinham-dose-de-reforco1.mp4<\/a><\/video><\/div>\n<p><span class=\"post-publication-date\"> 02\/06\/22 \u00e0s 22:47 &#8211; Escrito por Reda\u00e7\u00e3o Tarob\u00e1 News<\/span><\/p>\n<article class=\"nd-element-textable NDzd9a5au\">\n<div class=\"ND1654246358665_uid_72d9178d\">\n<div class=\"nd-element-html NDtaroba_741119\">\n<p>Um levantamento da Secretaria Estadual de Sa\u00fade apontou que 79% dos \u00f3bitos por Covid-19 em 2022, na regi\u00e3o de Londrina, foram de pacientes que n\u00e3o tinham tomado a dose de refor\u00e7o. A taxa de ocupa\u00e7\u00e3o de leitos para atender os casos se mant\u00e9m alta, mas por enquanto, a Sesa descarta ampliar o n\u00famero de vagas.<\/p>\n<p>Conforme os dados divulgados pela secretaria na \u00faltima segunda-feira, a macro regi\u00e3o norte, que abrange a 16\u00aa, 17\u00aa, 18\u00aa e 22\u00aa regionais de sa\u00fade, estava com o total de 63 pacientes internados com a doen\u00e7a; 21 em UTIs e 42 em enfermarias, quatro delas, crian\u00e7as. Um levantamento aponta que o maior n\u00famero de infec\u00e7\u00f5es s\u00e3o causadas pela BA.2, uma sub variante da \u00d4micron, enquanto a vers\u00e3o mais antiga tem diminu\u00eddo a incid\u00eancia.<\/p>\n<p>\u201cA variante BA.2, que come\u00e7a a predominar no Pa\u00eds, ela \u00e9 mais infecciosa e escapa melhor da resposta imunol\u00f3gica\u201d, afirma o chefe em vigil\u00e2ncia em sa\u00fade da 17\u00aa Regional, Felipe Remondi.<\/p>\n<p>Na 17\u00aa Regional de Sa\u00fade, a ocupa\u00e7\u00e3o de leitos gerais, al\u00e9m de Covid-19, inclui outras doen\u00e7as e problemas de sa\u00fade. O Hospital Universit\u00e1rio de Londrina tem 13 adultos na UTI e outros 29 em enfermaria, al\u00e9m de quatro crian\u00e7as em atendimento cl\u00ednico.<\/p>\n<p>O Evang\u00e9lico, que possui 19 leitos SUS no Pronto-Socorro, est\u00e1 com superlota\u00e7\u00e3o com 36 pacientes; 20 aguardando vagas na UTI, que est\u00e1 100% ocupada.<\/p>\n<p>\u201cN\u00e3o temos uma situa\u00e7\u00e3o cr\u00edtica para os leitos de Covid-19. Existem algumas pessoas aguardando leitos de enfermaria, n\u00e3o porque est\u00e3o faltando leitos, mas pelo processo de regula\u00e7\u00e3o\u201d, explica Remondi.<\/p>\n<p>Dados da Secretaria Municipal de Sa\u00fade de londrina apontam que com rela\u00e7\u00e3o \u00e0 3\u00aa dose, 64 de cada 100 pessoas receberam a vacina. J\u00e1 com rela\u00e7\u00e3o \u00e0 4\u00aa dose, o n\u00famero \u00e9 mais preocupante: 34 de cada 100 pessoas foram imunizadas.<\/p>\n<p>\u201cA popula\u00e7\u00e3o precisa se conscientizar, buscar a 3\u00aa dose e a 4\u00aa dose assim que ela estiver dispon\u00edvel para o idoso e para o imunossuprimido. H\u00e1 sinaliza\u00e7\u00e3o do governo federal em ampliar a 4\u00aa dose se refor\u00e7o para a popula\u00e7\u00e3o em geral\u201d, ressalta o chefe em vigil\u00e2ncia em sa\u00fade.<\/p>\n<\/div>\n<p>Acesse: <a href=\"https:\/\/tarobanews.com\/noticias\/ciencia-e-saude\/covid-19-79-de-pacientes-mortos-em-londrina-nao-tinham-dose-de-reforco-mXn73.html\">https:\/\/tarobanews.com\/noticias\/ciencia-e-saude\/covid-19-79-de-pacientes-mortos-em-londrina-nao-tinham-dose-de-reforco-mXn73.html<\/a><\/p>\n<\/div>\n<\/article>\n","protected":false},"excerpt":{"rendered":"<p>02\/06\/22 \u00e0s 22:47 &#8211; Escrito por Reda\u00e7\u00e3o Tarob\u00e1 News Um levantamento da Secretaria Estadual de Sa\u00fade apontou que 79% dos \u00f3bitos por Covid-19 em 2022, na<span class=\"excerpt-hellip\"> [?]<\/span><\/p>\n","protected":false},"author":111,"featured_media":11663,"comment_status":"closed","ping_status":"open","sticky":false,"template":"","format":"standard","meta":{"_joinchat":[],"footnotes":""},"categories":[171],"tags":[],"class_list":["post-11662","post","type-post","status-publish","format-standard","has-post-thumbnail","hentry","category-hospital-evangelico"],"_links":{"self":[{"href":"https:\/\/www.inovelondrina.com.br\/agencia\/wp-json\/wp\/v2\/posts\/11662","targetHints":{"allow":["GET"]}}],"collection":[{"href":"https:\/\/www.inovelondrina.com.br\/agencia\/wp-json\/wp\/v2\/posts"}],"about":[{"href":"https:\/\/www.inovelondrina.com.br\/agencia\/wp-json\/wp\/v2\/types\/post"}],"author":[{"embeddable":true,"href":"https:\/\/www.inovelondrina.com.br\/agencia\/wp-json\/wp\/v2\/users\/111"}],"replies":[{"embeddable":true,"href":"https:\/\/www.inovelondrina.com.br\/agencia\/wp-json\/wp\/v2\/comments?post=11662"}],"version-history":[{"count":2,"href":"https:\/\/www.inovelondrina.com.br\/agencia\/wp-json\/wp\/v2\/posts\/11662\/revisions"}],"predecessor-version":[{"id":11666,"href":"https:\/\/www.inovelondrina.com.br\/agencia\/wp-json\/wp\/v2\/posts\/11662\/revisions\/11666"}],"wp:featuredmedia":[{"embeddable":true,"href":"https:\/\/www.inovelondrina.com.br\/agencia\/wp-json\/wp\/v2\/media\/11663"}],"wp:attachment":[{"href":"https:\/\/www.inovelondrina.com.br\/agencia\/wp-json\/wp\/v2\/media?parent=11662"}],"wp:term":[{"taxonomy":"category","embeddable":true,"href":"https:\/\/www.inovelondrina.com.br\/agencia\/wp-json\/wp\/v2\/categories?post=11662"},{"taxonomy":"post_tag","embeddable":true,"href":"https:\/\/www.inovelondrina.com.br\/agencia\/wp-json\/wp\/v2\/tags?post=11662"}],"curies":[{"name":"wp","href":"https:\/\/api.w.org\/{rel}","templated":true}]}}