{"id":11642,"date":"2022-06-01T14:44:35","date_gmt":"2022-06-01T17:44:35","guid":{"rendered":"https:\/\/www.inovelondrina.com.br\/agencia\/?p=11642"},"modified":"2022-07-22T15:02:12","modified_gmt":"2022-07-22T18:02:12","slug":"superlotacao-em-hospitais-de-londrina-acende-luz-vermelha","status":"publish","type":"post","link":"https:\/\/www.inovelondrina.com.br\/agencia\/superlotacao-em-hospitais-de-londrina-acende-luz-vermelha\/","title":{"rendered":"Superlota\u00e7\u00e3o em hospitais de Londrina &#8216;acende luz vermelha&#8217;"},"content":{"rendered":"<div class=\"detail-category row\">\n<h5>SA\u00daDE<\/h5>\n<\/div>\n<div class=\"detail-title row\">\n<h1><span style=\"font-size: 21px\">No Estado, margem de ocupa\u00e7\u00e3o em leitos UTI e enfermaria ultrapassa 80%<\/span><\/h1>\n<\/div>\n<div class=\"detail-author row\">\n<h6>Simone Albieri &#8211; Jornalismo 98.9 FM<\/h6>\n<p>01 Jun 2022<i class=\"ti-time\"><\/i>\u00a016:28<\/p>\n<\/div>\n<div class=\"detail-date row\">\n<div class=\"col-md-9\">\n<div class=\"responsive-padding row\">\n<div class=\"detail-body\">\n<p>A mistura do outo-inverno, com s\u00edndromes gripais e uma poss\u00edvel &#8216;onda&#8217; de casos de covid-19 est\u00e1 provocando superlota\u00e7\u00e3o em hospitais. Leitos de UTI e enfermarias j\u00e1 est\u00e3o com fila de espera. V\u00e1rias cidades paranaenses, inclusive Londrina, j\u00e1 publicaram decreto recomendando a volta do uso de m\u00e1scara em locais fechados.<\/p>\n<p>No Paran\u00e1, a margem de ocupa\u00e7\u00e3o de leitos ultrapassa os 80%. V\u00e1rias cidades j\u00e1 est\u00e3o com falta de leitos. Em Londrina, a superlota\u00e7\u00e3o dos hospitais, registrada nesta quarta-feira (01), &#8216;acende uma luz vermelha&#8217;.<\/p>\n<p>Tr\u00eas hospitais p\u00fablicos de Londrina enfrentam superlota\u00e7\u00e3o. O pronto-socorro da Santa Casa precisou suspender os atendimentos por falta de leitos at\u00e9 \u00e0 noite; o pronto-socorro do HU chegou apresentar fila de espera com 23 pessoas aguardando por uma vaga em leitos UTI; e no Hospital Evang\u00e9lico, a fila para um leito em UTI estava em 20 pessoas.<\/p>\n<p>Al\u00e9m da vacina contra o coronav\u00edrus e da gripe, higieniza\u00e7\u00e3o, precau\u00e7\u00e3o e uso de m\u00e1scaras, principalmente em locais fechados, com aglomera\u00e7\u00e3o de pessoas, s\u00e3o fundamentais.<\/p>\n<p>Acesse: <a href=\"https:\/\/paiquerefmnews.com.br\/noticia\/superlotacao-em-hospitais-de-londrina-acende-luz-vermelha\">https:\/\/paiquerefmnews.com.br\/noticia\/superlotacao-em-hospitais-de-londrina-acende-luz-vermelha<\/a><\/p>\n<\/div>\n<\/div>\n<div class=\"facebook-comments responsive-padding row\">\n<div>\n<div class=\"fb-comments fb_iframe_widget fb_iframe_widget_fluid_desktop\" data-href=\"https:\/\/www.facebook.com\/RadioPaiquereFm\/news-27624\" data-width=\"760\"><\/div>\n<\/div>\n<\/div>\n<\/div>\n<\/div>\n","protected":false},"excerpt":{"rendered":"<p>SA\u00daDE No Estado, margem de ocupa\u00e7\u00e3o em leitos UTI e enfermaria ultrapassa 80% Simone Albieri &#8211; Jornalismo 98.9 FM 01 Jun 2022\u00a016:28 A mistura do outo-inverno,<span class=\"excerpt-hellip\"> [?]<\/span><\/p>\n","protected":false},"author":111,"featured_media":8410,"comment_status":"closed","ping_status":"open","sticky":false,"template":"","format":"standard","meta":{"_joinchat":[],"footnotes":""},"categories":[159,171],"tags":[],"class_list":["post-11642","post","type-post","status-publish","format-standard","has-post-thumbnail","hentry","category-clientes","category-hospital-evangelico"],"_links":{"self":[{"href":"https:\/\/www.inovelondrina.com.br\/agencia\/wp-json\/wp\/v2\/posts\/11642","targetHints":{"allow":["GET"]}}],"collection":[{"href":"https:\/\/www.inovelondrina.com.br\/agencia\/wp-json\/wp\/v2\/posts"}],"about":[{"href":"https:\/\/www.inovelondrina.com.br\/agencia\/wp-json\/wp\/v2\/types\/post"}],"author":[{"embeddable":true,"href":"https:\/\/www.inovelondrina.com.br\/agencia\/wp-json\/wp\/v2\/users\/111"}],"replies":[{"embeddable":true,"href":"https:\/\/www.inovelondrina.com.br\/agencia\/wp-json\/wp\/v2\/comments?post=11642"}],"version-history":[{"count":0,"href":"https:\/\/www.inovelondrina.com.br\/agencia\/wp-json\/wp\/v2\/posts\/11642\/revisions"}],"wp:featuredmedia":[{"embeddable":true,"href":"https:\/\/www.inovelondrina.com.br\/agencia\/wp-json\/wp\/v2\/media\/8410"}],"wp:attachment":[{"href":"https:\/\/www.inovelondrina.com.br\/agencia\/wp-json\/wp\/v2\/media?parent=11642"}],"wp:term":[{"taxonomy":"category","embeddable":true,"href":"https:\/\/www.inovelondrina.com.br\/agencia\/wp-json\/wp\/v2\/categories?post=11642"},{"taxonomy":"post_tag","embeddable":true,"href":"https:\/\/www.inovelondrina.com.br\/agencia\/wp-json\/wp\/v2\/tags?post=11642"}],"curies":[{"name":"wp","href":"https:\/\/api.w.org\/{rel}","templated":true}]}}