{"id":10583,"date":"2022-04-20T21:02:04","date_gmt":"2022-04-21T00:02:04","guid":{"rendered":"https:\/\/www.inovelondrina.com.br\/agencia\/?p=10583"},"modified":"2022-05-03T21:13:29","modified_gmt":"2022-05-04T00:13:29","slug":"acumulando-prejuizo-hospitais-filantropicos-pedem-mais-recursos-do-sus","status":"publish","type":"post","link":"https:\/\/www.inovelondrina.com.br\/agencia\/acumulando-prejuizo-hospitais-filantropicos-pedem-mais-recursos-do-sus\/","title":{"rendered":"Acumulando preju\u00edzo, hospitais filantr\u00f3picos pedem mais recursos do SUS"},"content":{"rendered":"<h4 id=\"article-h1\" class=\"article-h1\"><img loading=\"lazy\" decoding=\"async\" class=\"alignnone size-medium wp-image-10585\" src=\"https:\/\/www.inovelondrina.com.br\/agencia\/wp-content\/uploads\/2022\/04\/Folha_de_Londrina2022-04-20_page1_page-0001-1-194x300.jpg\" alt=\"\" width=\"194\" height=\"300\" srcset=\"https:\/\/www.inovelondrina.com.br\/agencia\/wp-content\/uploads\/2022\/04\/Folha_de_Londrina2022-04-20_page1_page-0001-1-194x300.jpg 194w, https:\/\/www.inovelondrina.com.br\/agencia\/wp-content\/uploads\/2022\/04\/Folha_de_Londrina2022-04-20_page1_page-0001-1-94x146.jpg 94w, https:\/\/www.inovelondrina.com.br\/agencia\/wp-content\/uploads\/2022\/04\/Folha_de_Londrina2022-04-20_page1_page-0001-1-32x50.jpg 32w, https:\/\/www.inovelondrina.com.br\/agencia\/wp-content\/uploads\/2022\/04\/Folha_de_Londrina2022-04-20_page1_page-0001-1-48x75.jpg 48w, https:\/\/www.inovelondrina.com.br\/agencia\/wp-content\/uploads\/2022\/04\/Folha_de_Londrina2022-04-20_page1_page-0001-1.jpg 661w\" sizes=\"auto, (max-width: 194px) 100vw, 194px\" \/>\u00a0 \u00a0 \u00a0 <img loading=\"lazy\" decoding=\"async\" class=\"alignnone size-medium wp-image-10586\" src=\"https:\/\/www.inovelondrina.com.br\/agencia\/wp-content\/uploads\/2022\/04\/Folha_de_Londrina2022-04-20_page12_page-0001-183x300.jpg\" alt=\"\" width=\"183\" height=\"300\" srcset=\"https:\/\/www.inovelondrina.com.br\/agencia\/wp-content\/uploads\/2022\/04\/Folha_de_Londrina2022-04-20_page12_page-0001-183x300.jpg 183w, https:\/\/www.inovelondrina.com.br\/agencia\/wp-content\/uploads\/2022\/04\/Folha_de_Londrina2022-04-20_page12_page-0001-89x146.jpg 89w, https:\/\/www.inovelondrina.com.br\/agencia\/wp-content\/uploads\/2022\/04\/Folha_de_Londrina2022-04-20_page12_page-0001-31x50.jpg 31w, https:\/\/www.inovelondrina.com.br\/agencia\/wp-content\/uploads\/2022\/04\/Folha_de_Londrina2022-04-20_page12_page-0001-46x75.jpg 46w, https:\/\/www.inovelondrina.com.br\/agencia\/wp-content\/uploads\/2022\/04\/Folha_de_Londrina2022-04-20_page12_page-0001.jpg 626w\" sizes=\"auto, (max-width: 183px) 100vw, 183px\" \/><\/h4>\n<h4 class=\"article-h1\"><strong>Acumulando preju\u00edzo, hospitais filantr\u00f3picos pedem mais recursos do SU<\/strong>S<\/h4>\n<h5 class=\"article-subtitle mw-main-h2\">Santa Casa e Evang\u00e9lico de Londrina t\u00eam d\u00e9ficit mensal de R$ 3 milh\u00f5es cada; federa\u00e7\u00e3o faz movimento pela sobreviv\u00eancia de institui\u00e7\u00f5es<\/h5>\n<p class=\"mw-main-atualizacao txt-update\">PUBLICA\u00c7\u00c3O<br \/>\n<span class=\"mw-main-data-atualizacao txt-update\">quarta-feira, 20 de abril de 2022<\/span><\/p>\n<p class=\"mw-main-autor-text article-autor\">PEDRO MARCONI &#8211; GRUPO FOLHA<br \/>\nAUTOR<\/p>\n<figure id=\"foto-destaque\" class=\"foto-main-article\"><img decoding=\"async\" class=\"foto-main-article\" src=\"https:\/\/www.folhadelondrina.com.br\/img\/Artigo-Destaque\/3190000\/150x150\/Acumulando-prejuizo-hospitais-filantropicos-pedem-0319418500202204201304-t.webp?fallback=https%3A%2F%2Fwww.folhadelondrina.com.br%2Fimg%2FArtigo-Destaque%2F3190000%2FAcumulando-prejuizo-hospitais-filantropicos-pedem-0319418500202204201304.jpg%3Fxid%3D5749897&amp;xid=5749897\" alt=\"\" \/><\/p>\n<div class=\"mw-image-info\"><span class=\"mw-image-author\">Foto: Gustavo Carneiro &#8211; Grupo Folha<\/span><\/div>\n<\/figure>\n<article class=\"mw-article-body article-text-p article-text-p1 mw-main-p-corpo\">\u00a0Hospitais filantr\u00f3picos e santas casas do Pa\u00eds iniciaram um movimento para cobrar um maior aporte do Minist\u00e9rio da Sa\u00fade aos atendimentos prestados via SUS (Sistema \u00danico de Sa\u00fade). No Paran\u00e1, a campanha\u00a0\u00e9 liderada pela Femipa (Federa\u00e7\u00e3o das Santas Casas e Hospitais Filantr\u00f3picos do Estado do Paran\u00e1). Segundo a entidade, existem 147 hospitais filantr\u00f3picos no Paran\u00e1, que s\u00e3o respons\u00e1veis por 54% de todos os atendimentos p\u00fablicos\u00a0no Estado e mais de 70% das interna\u00e7\u00f5es de alta complexidade.A federa\u00e7\u00e3o informou que no Brasil a d\u00edvida dos hospitais passa\u00a0dos R$ 20 bilh\u00f5es, problema que tem provocado o sucateamento das estruturas. \u201cA situa\u00e7\u00e3o do Paran\u00e1 \u00e9 id\u00eantica a situa\u00e7\u00e3o dos hospitais do Brasil todo, que ao longo dos anos t\u00eam arcado com diferen\u00e7as na remunera\u00e7\u00e3o. Al\u00e9m disso, o valor da tabela \u00e9 insuficiente frente aos custos. Est\u00e1 chegando numa situa\u00e7\u00e3o de insolv\u00eancia, aumentando o d\u00e9ficit e o endividamento\u201d, alertou o m\u00e9dico Charles London, presidente da Femipa.<\/p>\n<p>Nesta ter\u00e7a-feira (19), diversos\u00a0hospitais filantr\u00f3picos brasileiros fizeram uma paralisa\u00e7\u00e3o simb\u00f3lica, com reagendamento de procedimentos eletivos como forma de protesto. De acordo com London, o montante pago pelo Minist\u00e9rio da Sa\u00fade corresponde\u00a0apenas a 60% dos custos com os atendimentos do SUS. \u201cTemos in\u00fameros casos de hospitais que tiveram que interromper os atendimentos. Historicamente, de cada R$ 100 gastos no atendimento p\u00fablico, o dinheiro do Minist\u00e9rio cobre R$ 65. S\u00f3 para fazer frente a essa diferen\u00e7a precisaria de R$ 10 bilh\u00f5es a mais por ano\u201d, calculou.<\/p>\n<h3><b>DEFASAGEM<\/b><\/h3>\n<p>Levantamento da CMB (Confedera\u00e7\u00e3o das Santas Casas, Hospitais e Entidades Filantr\u00f3picas) apontou\u00a0que desde o in\u00edcio do Plano Real, em 1994, a tabela SUS e seus incentivos foi reajustada, em m\u00e9dia, 93,77%, enquanto que o INPC (\u00cdndice de Pre\u00e7os no Consumidor) foi de 636,07%. O \u00edndice \u00e9 usado para medir a infla\u00e7\u00e3o.<\/p>\n<h3><b>EXTRATETO<\/b><\/h3>\n<p>Em Londrina, o Hospital Evang\u00e9lico tem um d\u00e9ficit mensal com o SUS de aproximadamente R$ 3 milh\u00f5es. \u201cHoje temos contrato com o munic\u00edpio (que engloba munic\u00edpio, Estado e Uni\u00e3o) com capacidade de realizar 480 atendimentos de interna\u00e7\u00e3o. Estamos fazendo 707 atendimentos. O problema \u00e9 que produzimos, mas n\u00e3o recebemos esse excedente, al\u00e9m da pr\u00f3pria situa\u00e7\u00e3o da tabela do SUS que n\u00e3o cobre todos os custos\u201d, explicou o superintendente do hospital, Eduardo Otoni.<\/p>\n<p>A maior parte do preju\u00edzo com os atendimentos p\u00fablicos \u00e9 coberta com os procedimentos do plano de sa\u00fade, conv\u00eanio e particulares. Apesar do aporte, a d\u00edvida mensal tem sido\u00a0de R$ 1 milh\u00e3o. \u201cAtualmente, a procura do SUS est\u00e1 t\u00e3o elevada que mesmo esses recursos n\u00e3o est\u00e3o sendo suficientes. Com a melhora nos n\u00fameros\u00a0da pandemia houve aumento na procura dos pacientes aos hospitais. Aumentaram tamb\u00e9m os custos de material, medicamento, pagamento de honor\u00e1rio m\u00e9dico e tem a infla\u00e7\u00e3o\u201d, elencou.<\/p>\n<h3><b>SEM CONTRAPARTIDA<\/b><\/h3>\n<p>Superintendente da Irmandade Santa Casa, Fahd Haddad comentou que com a pandemia de Covid-19, a m\u00e9dia financeira de cobertura do SUS baixou de 60% para 40%. \u201cH\u00e1 mais ou menos 15 anos n\u00e3o h\u00e1 reajuste na tabela SUS. Com essa queda (na cobertura com a pandemia) diminuiu a receita, porque tivemos menos interna\u00e7\u00f5es de conv\u00eanio e eletiva, que compensava. Ao mesmo tempo cresceram as despesas com EPIs (Equipamentos de Prote\u00e7\u00e3o Individual) e horas extras em raz\u00e3o de afastamentos\u201d, exemplificou o m\u00e9dico.<\/p>\n<p>Pelo menos 83% dos atendimentos da irmandade s\u00e3o pelo Sistema \u00danico de Sa\u00fade. O contrato que a entidade mant\u00e9m seria para representar 60%. O d\u00e9ficit \u00e9 de aproximadamente R$ 3 milh\u00f5es por m\u00eas. \u201cAbrangemos nove regionais de sa\u00fade na alta complexidade. S\u00e3o 290 munic\u00edpios no Paran\u00e1 e mais 120 de outros estados. Cerca de 40% dos pacientes da urg\u00eancia s\u00e3o de outras cidades. O que estamos pedindo e solicitando \u00e9 que o poder p\u00fablico nos ajude a manter a estrutura.\u201d<\/p>\n<p>Haddad ressaltou que\u00a0o cen\u00e1rio tem piorado com o passar dos anos e advertiu que a falta de rea\u00e7\u00e3o dos Executivos federal, estadual e municipal pode levar \u00e0 restri\u00e7\u00e3o dos atendimentos ou at\u00e9 medidas extremas, como fechamento. \u201cDamos uma assist\u00eancia social na sa\u00fade muito forte, mas n\u00e3o tem contrapartida. Come\u00e7a a faltar medicamento, atrasa pagamento de fornecedor, tem que pegar dinheiro em banco. O que faz na gest\u00e3o para economizar gastamos para pagar juros com\u00a0bancos\u201d, lamentou.<\/p>\n<h3><b>DINHEIRO PARADO\u00a0<\/b><\/h3>\n<p>Os representantes dos hospitais tamb\u00e9m criticaram que uma proposta que prev\u00ea R$ 2 bilh\u00f5es para hospitais filantr\u00f3picos e santas casas \u2013 dinheiro que poderia dar um al\u00edvio nas contas &#8211; est\u00e1 parada na C\u00e2mara Federal e sem previs\u00e3o de ser votada em plen\u00e1rio.<\/p>\n<h3><b><\/b><b>PREOCUPA\u00c7\u00c3O COM PROJETO<\/b><\/h3>\n<p>Uma outra preocupa\u00e7\u00e3o dos hospitais, federa\u00e7\u00e3o e confedera\u00e7\u00e3o \u00e9 um projeto de lei que tramita no Congresso Nacional. O projeto n\u00famero 2564\/20, do Senado, institui o piso salarial para enfermeiros, t\u00e9cnicos e auxiliares de enfermagem e parteiras. O texto est\u00e1 em an\u00e1lise na C\u00e2mara dos Deputados. A estimativa \u00e9 que a proposta gere um impacto de R$ 6,7 bilh\u00f5es para as institui\u00e7\u00f5es, agravando a crise financeira que atravessam.<\/p>\n<p>\u201cSomos solid\u00e1rios \u00e0 categoria, por\u00e9m, \u00e9 fundamental que o governo informe como ir\u00e1 subsidiar esse aumento antes mesmo da lei ser aprovada. As institui\u00e7\u00f5es hospitalares hoje n\u00e3o suportariam o impacto\u201d, frisou Eduardo Otoni, do Hospital Evang\u00e9lico de Londrina. \u201c\u00c9 necess\u00e1rio tamb\u00e9m um aumento do repasse do extra teto\u201d, acrescentou.<\/p>\n<p>O clamor \u00e9 por um incremento de, pelo menos, mais R$ 17,2 bilh\u00f5es nos recursos repassados pelo Minist\u00e9rio da Sa\u00fade, considerando o rombo atual com o d\u00e9ficit do SUS e o gasto que a nova lei dever\u00e1 provocar caso seja aprovada e sancionada. \u201cA confedera\u00e7\u00e3o dos hospitais filantr\u00f3picos, que representa todas as federa\u00e7\u00f5es, tem mantido contato com o Minist\u00e9rio da Sa\u00fade e outras autoridades para poder reverter esse quadro. O desafio \u00e9 como viabilizar\u201d, afirmou Charles London, presidente da Femipa.<\/p>\n<h3><b>MINIST\u00c9RIO DA SA\u00daDE<\/b><\/h3>\n<p>Por meio de nota, o Minist\u00e9rio da Sa\u00fade disse que repassa mensalmente para as secretarias estaduais e municipais de sa\u00fade recursos financeiros destinados ao custeio de servi\u00e7os hospitalares de m\u00e9dia e alta complexidade, incluindo os ofertados pelo setor filantr\u00f3pico. &#8220;Em 2021 foram repassados aos fundos estaduais e municipais mais de R$ 67,7 bilh\u00f5es para o custeio dos servi\u00e7os em todo o Pa\u00eds. Em 2022, entre janeiro e abril, j\u00e1 foram repassados R$ R$ 18,6 bilh\u00f5es para o custeio desses servi\u00e7os&#8221;, defendeu.<\/p>\n<p>A pasta pasta ainda declarou que &#8220;a gest\u00e3o e financiamento do SUS, conforme determina a Constitui\u00e7\u00e3o Federal, \u00e9 tripartite, ou seja, compartilhada entre Uni\u00e3o, estados e munic\u00edpios&#8221;. &#8220;O Governo Federal elabora pol\u00edticas p\u00fablicas e financia os servi\u00e7os. Cabe aos estados e munic\u00edpios gerenciar o sistema na ponta conforme as caracter\u00edsticas, necessidades e demandas de cada regi\u00e3o&#8221;, pontuou o texto.<\/p>\n<\/article>\n<p>&nbsp;<\/p>\n<p><a href=\"https:\/\/www.folhadelondrina.com.br\/economia\/acumulando-prejuizo-hospitais-filantropicos-pedem-mais-recursos-do-sus-3194185e.html\">https:\/\/www.folhadelondrina.com.br\/economia\/acumulando-prejuizo-hospitais-filantropicos-pedem-mais-recursos-do-sus-3194185e.html<\/a><\/p>\n<p>&nbsp;<\/p>\n","protected":false},"excerpt":{"rendered":"<p>\u00a0 \u00a0 \u00a0 Acumulando preju\u00edzo, hospitais filantr\u00f3picos pedem mais recursos do SUS Santa Casa e Evang\u00e9lico de Londrina t\u00eam d\u00e9ficit mensal de R$ 3 milh\u00f5es cada;<span class=\"excerpt-hellip\"> [?]<\/span><\/p>\n","protected":false},"author":111,"featured_media":9072,"comment_status":"closed","ping_status":"open","sticky":false,"template":"","format":"standard","meta":{"_joinchat":[],"footnotes":""},"categories":[159,171],"tags":[],"class_list":["post-10583","post","type-post","status-publish","format-standard","has-post-thumbnail","hentry","category-clientes","category-hospital-evangelico"],"_links":{"self":[{"href":"https:\/\/www.inovelondrina.com.br\/agencia\/wp-json\/wp\/v2\/posts\/10583","targetHints":{"allow":["GET"]}}],"collection":[{"href":"https:\/\/www.inovelondrina.com.br\/agencia\/wp-json\/wp\/v2\/posts"}],"about":[{"href":"https:\/\/www.inovelondrina.com.br\/agencia\/wp-json\/wp\/v2\/types\/post"}],"author":[{"embeddable":true,"href":"https:\/\/www.inovelondrina.com.br\/agencia\/wp-json\/wp\/v2\/users\/111"}],"replies":[{"embeddable":true,"href":"https:\/\/www.inovelondrina.com.br\/agencia\/wp-json\/wp\/v2\/comments?post=10583"}],"version-history":[{"count":0,"href":"https:\/\/www.inovelondrina.com.br\/agencia\/wp-json\/wp\/v2\/posts\/10583\/revisions"}],"wp:featuredmedia":[{"embeddable":true,"href":"https:\/\/www.inovelondrina.com.br\/agencia\/wp-json\/wp\/v2\/media\/9072"}],"wp:attachment":[{"href":"https:\/\/www.inovelondrina.com.br\/agencia\/wp-json\/wp\/v2\/media?parent=10583"}],"wp:term":[{"taxonomy":"category","embeddable":true,"href":"https:\/\/www.inovelondrina.com.br\/agencia\/wp-json\/wp\/v2\/categories?post=10583"},{"taxonomy":"post_tag","embeddable":true,"href":"https:\/\/www.inovelondrina.com.br\/agencia\/wp-json\/wp\/v2\/tags?post=10583"}],"curies":[{"name":"wp","href":"https:\/\/api.w.org\/{rel}","templated":true}]}}