{"id":10328,"date":"2022-02-16T21:22:31","date_gmt":"2022-02-17T00:22:31","guid":{"rendered":"https:\/\/www.inovelondrina.com.br\/agencia\/?p=10328"},"modified":"2022-03-31T22:00:05","modified_gmt":"2022-04-01T01:00:05","slug":"hospital-evangelico-busca-identificacao-de-vitima-de-atropelamento","status":"publish","type":"post","link":"https:\/\/www.inovelondrina.com.br\/agencia\/hospital-evangelico-busca-identificacao-de-vitima-de-atropelamento\/","title":{"rendered":"Hospital Evang\u00e9lico busca identifica\u00e7\u00e3o de v\u00edtima de atropelamento"},"content":{"rendered":"<p><a href=\"https:\/\/na01.safelinks.protection.outlook.com\/?url=https%3A%2F%2Fwww.google.com%2Furl%3Frct%3Dj%26sa%3Dt%26url%3Dhttps%3A%2F%2Fwww.paiquere.com.br%2Fhospital-evangelico-busca-identificacao-de-vitima-de-atropelamento-que-foi-resgatado-pelo-samu%2F%26ct%3Dga%26cd%3DCAEYACoUMTQ0NDQ5MjUwNzYyMzEwNjEwNzMyGmQ5NDIwYWU1OGY3ZmU0NGI6Y29tOnB0OlVT%26usg%3DAFQjCNF1Q-0Kx2oMAqM14WdkT5lkr1IO3w&amp;data=04%7C01%7C%7C6e9ca851a0f743a20a7808d9f32f31e6%7C84df9e7fe9f640afb435aaaaaaaaaaaa%7C1%7C0%7C637808206313148980%7CUnknown%7CTWFpbGZsb3d8eyJWIjoiMC4wLjAwMDAiLCJQIjoiV2luMzIiLCJBTiI6Ik1haWwiLCJXVCI6Mn0%3D%7C3000&amp;sdata=5hlh1dvcqXTLH2aJBAKWZ7xXdr7UiRBgmVgjkT5EHeo%3D&amp;reserved=0\"><strong><br \/>\nHospital<\/strong><strong>\u00a0Evang\u00e9lico<\/strong>\u00a0busca identifica\u00e7\u00e3o de v\u00edtima de atropelamento que foi resgatado pelo SAMU<\/a><\/p>\n<div class=\"post_header\">\n<div class=\"post_header_title\">\n<div class=\"post_detail post_date\"><span class=\"post_info_date\">PUBLICADO EM 16 DE FEVEREIRO DE 2022 08:30<\/span><\/div>\n<div class=\"post_detail post_comment\"><a id=\"zilla-likes-252858\" class=\"zilla-likes\" title=\"Like this\" href=\"https:\/\/www.paiquere.com.br\/hospital-evangelico-busca-identificacao-de-vitima-de-atropelamento-que-foi-resgatado-pelo-samu\/#\"><span class=\"zilla-likes-count\">0<\/span><\/a><\/div>\n<\/div>\n<\/div>\n<hr class=\"post_divider\" \/>\n<p>&nbsp;<\/p>\n<div class=\"post_img static\">\n<p><img decoding=\"async\" class=\"\" src=\"https:\/\/www.paiquere.com.br\/wp-content\/uploads\/2022\/02\/WhatsApp-Image-2022-02-15-at-17.41.24-900x640.jpeg\" alt=\"\" \/><\/p>\n<div class=\"wp-caption\">\n<p class=\"wp-caption-text\"><strong>Reda\u00e7\u00e3o Paiquer\u00ea\u00a0<\/strong><\/p>\n<\/div>\n<\/div>\n<div class=\"post_header single\" data-fetch=\"true\">\n<p data-fetch=\"true\">O Hospital Evang\u00e9lico busca identifica\u00e7\u00e3o de paciente e localiza\u00e7\u00e3o de parentes. O rapaz foi levado pelo SAMU na segunda (14), e deu entrada \u00e0s 19h com o nome de Nivaldo. \u00c9 um paciente jovem, aparentando aproximadamente 22 anos, tem 1,78 de altura, magro, negro, bigode e cavanhaque , cabelo com luzes claras, olhos castanho claro, sem tatuagem, apenas com uma pulseira no p\u00e9 esquerdo.<\/p>\n<div id=\"P_PAIQUERE_INTEXT_01_0\" data-premium=\"\" data-adunit=\"PAIQUERE_INTEXT_01\" data-sizes-mobile=\"\" data-sizes-desktop=\"[[336,280],[300,250],[1,1]]\" data-type=\"intext\" data-fetch=\"true\" data-google-query-id=\"CJz8_JDS8fYCFd44uQYdspABkQ\">\n<div id=\"google_ads_iframe_\/75894840\/PAIQUERE_INTEXT_01_0__container__\">Ele foi v\u00edtima de atropelamento pr\u00f3ximo ao Muffato JK e se encontra na UTI do Hospital Evang\u00e9lico de Londrina. Contato para identifica\u00e7\u00e3o pode ser feito pelos telefones: 3378-1210 e 98473-1320 (Assist\u00eancia Social)<\/div>\n<div>Veja imagens cedidas pela assessoria do Evang\u00e9lico:<\/div>\n<div>\n<p><img loading=\"lazy\" decoding=\"async\" class=\"alignnone wp-image-252861 size-large\" src=\"https:\/\/www.paiquere.com.br\/wp-content\/uploads\/2022\/02\/WhatsApp-Image-2022-02-15-at-17.41.24-1-1024x576.jpeg\" alt=\"\" width=\"1024\" height=\"576\" \/>\u00a0<img loading=\"lazy\" decoding=\"async\" class=\"alignnone wp-image-252862 size-large\" src=\"https:\/\/www.paiquere.com.br\/wp-content\/uploads\/2022\/02\/WhatsApp-Image-2022-02-15-at-17.41.24-576x1024.jpeg\" alt=\"\" width=\"576\" height=\"1024\" \/><\/p>\n<p>Com\u00a0<em>Assessoria<\/em><\/p>\n<\/div>\n<\/div>\n<\/div>\n","protected":false},"excerpt":{"rendered":"<p>Hospital\u00a0Evang\u00e9lico\u00a0busca identifica\u00e7\u00e3o de v\u00edtima de atropelamento que foi resgatado pelo SAMU PUBLICADO EM 16 DE FEVEREIRO DE 2022 08:30 0 &nbsp; Reda\u00e7\u00e3o Paiquer\u00ea\u00a0 O Hospital Evang\u00e9lico<span class=\"excerpt-hellip\"> [?]<\/span><\/p>\n","protected":false},"author":111,"featured_media":10329,"comment_status":"closed","ping_status":"open","sticky":false,"template":"","format":"standard","meta":{"_joinchat":[],"footnotes":""},"categories":[159,171],"tags":[],"class_list":["post-10328","post","type-post","status-publish","format-standard","has-post-thumbnail","hentry","category-clientes","category-hospital-evangelico"],"_links":{"self":[{"href":"https:\/\/www.inovelondrina.com.br\/agencia\/wp-json\/wp\/v2\/posts\/10328","targetHints":{"allow":["GET"]}}],"collection":[{"href":"https:\/\/www.inovelondrina.com.br\/agencia\/wp-json\/wp\/v2\/posts"}],"about":[{"href":"https:\/\/www.inovelondrina.com.br\/agencia\/wp-json\/wp\/v2\/types\/post"}],"author":[{"embeddable":true,"href":"https:\/\/www.inovelondrina.com.br\/agencia\/wp-json\/wp\/v2\/users\/111"}],"replies":[{"embeddable":true,"href":"https:\/\/www.inovelondrina.com.br\/agencia\/wp-json\/wp\/v2\/comments?post=10328"}],"version-history":[{"count":0,"href":"https:\/\/www.inovelondrina.com.br\/agencia\/wp-json\/wp\/v2\/posts\/10328\/revisions"}],"wp:featuredmedia":[{"embeddable":true,"href":"https:\/\/www.inovelondrina.com.br\/agencia\/wp-json\/wp\/v2\/media\/10329"}],"wp:attachment":[{"href":"https:\/\/www.inovelondrina.com.br\/agencia\/wp-json\/wp\/v2\/media?parent=10328"}],"wp:term":[{"taxonomy":"category","embeddable":true,"href":"https:\/\/www.inovelondrina.com.br\/agencia\/wp-json\/wp\/v2\/categories?post=10328"},{"taxonomy":"post_tag","embeddable":true,"href":"https:\/\/www.inovelondrina.com.br\/agencia\/wp-json\/wp\/v2\/tags?post=10328"}],"curies":[{"name":"wp","href":"https:\/\/api.w.org\/{rel}","templated":true}]}}