{"id":10325,"date":"2022-02-02T21:18:39","date_gmt":"2022-02-03T00:18:39","guid":{"rendered":"https:\/\/www.inovelondrina.com.br\/agencia\/?p=10325"},"modified":"2022-03-31T21:20:57","modified_gmt":"2022-04-01T00:20:57","slug":"cirurgia-inedita-e-realizada-em-londrina","status":"publish","type":"post","link":"https:\/\/www.inovelondrina.com.br\/agencia\/cirurgia-inedita-e-realizada-em-londrina\/","title":{"rendered":"Cirurgia in\u00e9dita \u00e9 realizada em Londrina"},"content":{"rendered":"<h5 class=\"article-subtitle mw-main-h2\">Procedimento foi comandado pelos cardiologistas Claudio Fuganti, Gabriel de Abreu Silva e Carlos Eduardo Duarte<\/h5>\n<p class=\"mw-main-atualizacao txt-update\">PUBLICA\u00c7\u00c3O<br \/>\n<span class=\"mw-main-data-atualizacao txt-update\">quarta-feira, 02 de fevereiro de 2022<\/span><\/p>\n<p class=\"mw-main-autor-text article-autor\">OSWALDO MILIT\u00c3O<br \/>\nRealizado no Hospital Evang\u00e9lico de Londrina um procedimento in\u00e9dito que \u00e9 para os portadores de doen\u00e7as do cora\u00e7\u00e3o: a cirurgia de abla\u00e7\u00e3o por cateter ou a cauteriza\u00e7\u00e3o de arritmias. A cirurgia foi comandada pelos cardiologistas especialistas em marcapasso e arritmias card\u00edacas Claudio Fuganti, tamb\u00e9m docente da UEL, Gabriel de Abreu Silva e Carlos Eduardo Duarte, do Hospital da Benefic\u00eancia Portuguesa de S\u00e3o Paulo. Na foto, os tr\u00eas cardiologistas ap\u00f3s o bem sucedido ato cir\u00fargico.<\/p>\n<article class=\"mw-article-body article-text-p article-text-p1 mw-main-p-corpo\">\n<div class=\"mw-article-img-box \"><img decoding=\"async\" class=\" desktop\" src=\"https:\/\/www.folhadelondrina.com.br\/img\/inline\/3160000\/0x1200\/Cirurgia-inedita-e-realizada-em-Londrina0316303500202202011835.webp?fallback=https%3A%2F%2Fwww.folhadelondrina.com.br%2Fimg%2Finline%2F3160000%2FCirurgia-inedita-e-realizada-em-Londrina0316303500202202011835.jpg%3Fxid%3D5663097&amp;xid=5663097\" alt=\"Imagem ilustrativa da imagem Cirurgia in\u00e9dita \u00e9 realizada em Londrina\" \/><\/div>\n<div class=\"mw-image-info\"><span class=\"mw-image-author\">| \u00a0Foto: Divulga\u00e7\u00e3o<\/span><\/div>\n<\/article>\n","protected":false},"excerpt":{"rendered":"<p>Procedimento foi comandado pelos cardiologistas Claudio Fuganti, Gabriel de Abreu Silva e Carlos Eduardo Duarte PUBLICA\u00c7\u00c3O quarta-feira, 02 de fevereiro de 2022 OSWALDO MILIT\u00c3O Realizado no<span class=\"excerpt-hellip\"> [?]<\/span><\/p>\n","protected":false},"author":111,"featured_media":9624,"comment_status":"closed","ping_status":"open","sticky":false,"template":"","format":"standard","meta":{"_joinchat":[],"footnotes":""},"categories":[159,171],"tags":[],"class_list":["post-10325","post","type-post","status-publish","format-standard","has-post-thumbnail","hentry","category-clientes","category-hospital-evangelico"],"_links":{"self":[{"href":"https:\/\/www.inovelondrina.com.br\/agencia\/wp-json\/wp\/v2\/posts\/10325","targetHints":{"allow":["GET"]}}],"collection":[{"href":"https:\/\/www.inovelondrina.com.br\/agencia\/wp-json\/wp\/v2\/posts"}],"about":[{"href":"https:\/\/www.inovelondrina.com.br\/agencia\/wp-json\/wp\/v2\/types\/post"}],"author":[{"embeddable":true,"href":"https:\/\/www.inovelondrina.com.br\/agencia\/wp-json\/wp\/v2\/users\/111"}],"replies":[{"embeddable":true,"href":"https:\/\/www.inovelondrina.com.br\/agencia\/wp-json\/wp\/v2\/comments?post=10325"}],"version-history":[{"count":0,"href":"https:\/\/www.inovelondrina.com.br\/agencia\/wp-json\/wp\/v2\/posts\/10325\/revisions"}],"wp:featuredmedia":[{"embeddable":true,"href":"https:\/\/www.inovelondrina.com.br\/agencia\/wp-json\/wp\/v2\/media\/9624"}],"wp:attachment":[{"href":"https:\/\/www.inovelondrina.com.br\/agencia\/wp-json\/wp\/v2\/media?parent=10325"}],"wp:term":[{"taxonomy":"category","embeddable":true,"href":"https:\/\/www.inovelondrina.com.br\/agencia\/wp-json\/wp\/v2\/categories?post=10325"},{"taxonomy":"post_tag","embeddable":true,"href":"https:\/\/www.inovelondrina.com.br\/agencia\/wp-json\/wp\/v2\/tags?post=10325"}],"curies":[{"name":"wp","href":"https:\/\/api.w.org\/{rel}","templated":true}]}}