{"id":10321,"date":"2022-03-01T21:12:13","date_gmt":"2022-03-02T00:12:13","guid":{"rendered":"https:\/\/www.inovelondrina.com.br\/agencia\/?p=10321"},"modified":"2022-03-31T21:18:30","modified_gmt":"2022-04-01T00:18:30","slug":"deputada-aline-sleutjes-entrega-equipamento-no-valor-de-r-35-milhoes-ao-hospital-evangelico-de-londrina","status":"publish","type":"post","link":"https:\/\/www.inovelondrina.com.br\/agencia\/deputada-aline-sleutjes-entrega-equipamento-no-valor-de-r-35-milhoes-ao-hospital-evangelico-de-londrina\/","title":{"rendered":"Deputada Aline Sleutjes entrega equipamento no valor de R$ 3,5 milh\u00f5es ao Hospital Evang\u00e9lico de Londrina"},"content":{"rendered":"<p>1 de fevereiro de 2022 \u00e0s 17:44<br \/>\n<img loading=\"lazy\" decoding=\"async\" class=\"alignnone wp-image-10322\" src=\"https:\/\/www.inovelondrina.com.br\/agencia\/wp-content\/uploads\/2022\/03\/whatsapp-image-2022-02-01-at-17-11-40-840x472-1-300x169.jpeg\" alt=\"\" width=\"304\" height=\"171\" srcset=\"https:\/\/www.inovelondrina.com.br\/agencia\/wp-content\/uploads\/2022\/03\/whatsapp-image-2022-02-01-at-17-11-40-840x472-1-300x169.jpeg 300w, https:\/\/www.inovelondrina.com.br\/agencia\/wp-content\/uploads\/2022\/03\/whatsapp-image-2022-02-01-at-17-11-40-840x472-1-800x450.jpeg 800w, https:\/\/www.inovelondrina.com.br\/agencia\/wp-content\/uploads\/2022\/03\/whatsapp-image-2022-02-01-at-17-11-40-840x472-1-768x432.jpeg 768w, https:\/\/www.inovelondrina.com.br\/agencia\/wp-content\/uploads\/2022\/03\/whatsapp-image-2022-02-01-at-17-11-40-840x472-1-260x146.jpeg 260w, https:\/\/www.inovelondrina.com.br\/agencia\/wp-content\/uploads\/2022\/03\/whatsapp-image-2022-02-01-at-17-11-40-840x472-1-50x28.jpeg 50w, https:\/\/www.inovelondrina.com.br\/agencia\/wp-content\/uploads\/2022\/03\/whatsapp-image-2022-02-01-at-17-11-40-840x472-1-133x75.jpeg 133w, https:\/\/www.inovelondrina.com.br\/agencia\/wp-content\/uploads\/2022\/03\/whatsapp-image-2022-02-01-at-17-11-40-840x472-1.jpeg 840w\" sizes=\"auto, (max-width: 304px) 100vw, 304px\" \/><img loading=\"lazy\" decoding=\"async\" class=\"alignnone size-medium wp-image-10323\" src=\"https:\/\/www.inovelondrina.com.br\/agencia\/wp-content\/uploads\/2022\/03\/cover-300x225.jpg\" alt=\"\" width=\"300\" height=\"225\" srcset=\"https:\/\/www.inovelondrina.com.br\/agencia\/wp-content\/uploads\/2022\/03\/cover-300x225.jpg 300w, https:\/\/www.inovelondrina.com.br\/agencia\/wp-content\/uploads\/2022\/03\/cover-800x600.jpg 800w, https:\/\/www.inovelondrina.com.br\/agencia\/wp-content\/uploads\/2022\/03\/cover-768x576.jpg 768w, https:\/\/www.inovelondrina.com.br\/agencia\/wp-content\/uploads\/2022\/03\/cover-195x146.jpg 195w, https:\/\/www.inovelondrina.com.br\/agencia\/wp-content\/uploads\/2022\/03\/cover-50x38.jpg 50w, https:\/\/www.inovelondrina.com.br\/agencia\/wp-content\/uploads\/2022\/03\/cover-100x75.jpg 100w, https:\/\/www.inovelondrina.com.br\/agencia\/wp-content\/uploads\/2022\/03\/cover.jpg 880w\" sizes=\"auto, (max-width: 300px) 100vw, 300px\" \/><\/p>\n<p>(Foto: Divulga\u00e7\u00e3o)<\/p>\n<p>COM ASSESSORIAS \u2013 Ap\u00f3s o sucesso das visitas em diversos munic\u00edpios do Paran\u00e1 e do futebol solid\u00e1rio em Centen\u00e1rio do Sul, que arrecadou cerca de 1 tonelada de alimentos, a deputada federal Aline Sleutjes seguiu viagem para a cidade de Londrina.<\/p>\n<p>O primeiro compromisso da parlamentar na cidade foi uma entrevista para a R\u00e1dio Norte que alcan\u00e7a 25 munic\u00edpios da regi\u00e3o, com o grande radialista Rodrigo Marine. Logo ap\u00f3s, Aline participou de um almo\u00e7o com diretores do Hospital Evang\u00e9lico, lideran\u00e7as do agro e Evang\u00e9licos apoiadores da sua pr\u00e9-campanha ao senado paranaense. A parlamentar externou os motivos que a levaram a aceitar este grande desafio de lan\u00e7ar seu nome como pr\u00e9-candidata, exp\u00f4s toda a sua trajet\u00f3ria pol\u00edtica e suas principais entregas no Estado.<\/p>\n<p>Em seguida Aline Sleutjes participou de evento de entrega do recurso para compra de equipamento ao Hospital Evang\u00e9lico de Londrina, institui\u00e7\u00e3o em que a vice-l\u00edder do governo no Congresso realizou um grande sonho, com a emenda individual no valor de R$ 3.500.00,00 (tr\u00eas milh\u00f5es e meio de reais) a maior na hist\u00f3ria do Hospital, para a aquisi\u00e7\u00e3o de equipamento de hemodin\u00e2mica da marca Philips, modelo Azurion 7 de \u00faltima gera\u00e7\u00e3o, ele propicia realizar mais de 45 procedimentos diferentes na Especialidade de Radiologia Intervencionista neurol\u00f3gica, visceral e perif\u00e9rico bem como na especialidade de cardiologia intervencionista. Este equipamento \u00e9 o primeiro deste modelo na regi\u00e3o Sul do Pa\u00eds e entre outras fun\u00e7\u00f5es faz imagens de arteriografia com reconstru\u00e7\u00e3o 3D e imagens tomogr\u00e1ficas.<\/p>\n<p>Estiveram presentes no evento os diretores e membros do Conselho administrativo da Associa\u00e7\u00e3o Evang\u00e9lica Beneficente de Londrina (AEBEL), m\u00e9dicos do corpo cl\u00ednico, parceiros da institui\u00e7\u00e3o como Marcelo Janene El-Kadre, presidente do Conselho Superior da Sociedade Rural do Paran\u00e1, al\u00e9m de outros convidados, como o secret\u00e1rio de Sa\u00fade do munic\u00edpio de Londrina Felippe Machado, integrantes do Grupo de Apoio ao Hospital Evang\u00e9lico de Londrina (GAHEL) e representantes do agro e das igrejas Evang\u00e9licas.<\/p>\n<p>\u201c\u00c9 com imenso prazer, muita honra e com o cora\u00e7\u00e3o cheio de alegria que eu agrade\u00e7o nesse momento a deputada Aline Sleutjes, tive o prazer de conhec\u00ea-la h\u00e1 alguns anos e posso chamar de amiga hoje. Temos em voc\u00ea uma apoiadora dessa causa que nos move, essa institui\u00e7\u00e3o, como muitos sabem, \u00e9 um motivo de orgulho para Londrina. Foi Deus que te colocou em nosso caminho, ao longo do tempo voc\u00ea deputada vai conseguir ter uma no\u00e7\u00e3o do tamanho da ajuda, de quantas vidas ajudar\u00e1 a salvar com a aquisi\u00e7\u00e3o deste equipamento t\u00e3o importante, falo isso de uma maneira emocionada, porque vejo que Deus est\u00e1 mobilizando as pessoas para virem somar for\u00e7as aqui, para que o pequeno, aquele que n\u00e3o tem quem lute por ele, seja assistido\u201d afirmou o Dagoberto, membro do Conselho Administrativo da Associa\u00e7\u00e3o Evang\u00e9lica Beneficente de Londrina.<\/p>\n<p>O Hospital Evang\u00e9lico de Londrina destina mais de 60% dos atendimentos ao Sistema \u00danico de Sa\u00fade (SUS). O centro m\u00e9dico realiza atendimentos intensivos a pacientes graves em seus 66 leitos de Unidade de Terapia Intensiva (UTI): 56 adultos e 10 neo-pedi\u00e1tricos. Possui uma maternidade refer\u00eancia em gesta\u00e7\u00f5es de alto risco, realizando o acompanhamento pr\u00e9-Natal de todas as pacientes SUS em sua unidade de apoio ambulatorial.<\/p>\n<p>\u201c\u00c9 com muita alegria que venho \u00e0 Londrina fazer essa entrega, este Hospital tem a estrutura adequada, os especialistas necess\u00e1rios, tem o doente e s\u00f3 faltava a ferramenta, ent\u00e3o trouxemos a ferramenta para compor o quadro perfeito para resolver os problemas das pessoas e salvar vidas. Tenho conseguido realizar muitos sonhos, sonhos importantes em muitos munic\u00edpios por onde atuo, tudo \u00e9 por Deus, estamos no lugar certo, na hora certa, com as possibilidades certas e isso tudo n\u00e3o \u00e9 \u00e0 toa. O que me cabe \u00e9 ter cada vez mais for\u00e7a de vontade, lutar e fazer as coisas acontecerem! Me perguntam porque sou t\u00e3o afoita, porque quero fazer tudo com tanta pressa e a resposta \u00e9 simples, porque talvez amanh\u00e3 eu nem esteja mais aqui, pois o futuro a Deus pertence. Quero sair do meu mandato com a cabe\u00e7a mais erguida do que entrei, sabendo que eu fiz tudo o que eu podia fazer\u201d destacou a vice-l\u00edder do governo no Congresso Nacional Aline Sleutjes.<\/p>\n<p>Al\u00e9m desse grandioso recurso de R$ 3,5 milh\u00f5es, a deputada Aline Sleutjes j\u00e1 havia destinado 595 mil reais para a cidade, para a aquisi\u00e7\u00e3o de Castra-m\u00f3vel, Respiradores para o Hospital Universit\u00e1rio de Londrina e para a EMBRAPA- Soja Londrina para o estudo da soja carbono neutro.<\/p>\n<p>A agenda foi encerrada no Sindicato Rural de Londrina, a deputada Aline \u00e9 presidente da Comiss\u00e3o de Agricultura e n\u00e3o poderia deixar de fora uma entidade t\u00e3o importante. Na ocasi\u00e3o a deputada foi recebida com alegria por toda a diretoria, falou um pouco da sua trajet\u00f3ria no agro, a atua\u00e7\u00e3o \u00e0 frente dessa importante comiss\u00e3o e quais as expectativas para o futuro da agropecu\u00e1ria brasileira e da pol\u00edtica nacional.<\/p>\n<p>\u201cQuero agradecer a oportunidade de conversar com os senhores, de estar aqui e bater essa papo importante, no ano passado a Comiss\u00e3o da Agricultura foi uma das mais ativas dos \u00faltimos 20 anos, fizemos mais de 90 audi\u00eancias p\u00fablicas, votamos mais de 140 projetos, nos desdobramos e conseguimos em meio \u00e0 pandemia, realizar a caravana do leite em 5 estados diferentes coletando informa\u00e7\u00f5es, para fazer um Projeto de Lei de Pol\u00edticas p\u00fablicas para o setor leiteiro, al\u00e9m disso, tenho uma rela\u00e7\u00e3o muito especial com a Ministra Tereza Cristina, ajudo no que posso, recebo muita ajuda dela tamb\u00e9m e juntas avan\u00e7amos nas pautas do agro. Sou uma defensora do setor em Bras\u00edlia e saibam que podem contar comigo sempre!\u201d declarou Sleutjes.<\/p>\n<p>Londrina \u00e9 sem d\u00favida uma das 200 cidades que t\u00eam o privil\u00e9gio de ter Aline Sleutjes como aliada, sempre enviando recursos para a melhoria na qualidade de vida dos cidad\u00e3os.<br \/>\nNas agendas do Munic\u00edpio a deputada do agro fechou com chave de ouro apoio integral a sua pr\u00e9-candidatura ao senado.<\/p>\n","protected":false},"excerpt":{"rendered":"<p>1 de fevereiro de 2022 \u00e0s 17:44 (Foto: Divulga\u00e7\u00e3o) COM ASSESSORIAS \u2013 Ap\u00f3s o sucesso das visitas em diversos munic\u00edpios do Paran\u00e1 e do futebol solid\u00e1rio<span class=\"excerpt-hellip\"> [?]<\/span><\/p>\n","protected":false},"author":111,"featured_media":10323,"comment_status":"closed","ping_status":"open","sticky":false,"template":"","format":"standard","meta":{"_joinchat":[],"footnotes":""},"categories":[159,171],"tags":[],"class_list":["post-10321","post","type-post","status-publish","format-standard","has-post-thumbnail","hentry","category-clientes","category-hospital-evangelico"],"_links":{"self":[{"href":"https:\/\/www.inovelondrina.com.br\/agencia\/wp-json\/wp\/v2\/posts\/10321","targetHints":{"allow":["GET"]}}],"collection":[{"href":"https:\/\/www.inovelondrina.com.br\/agencia\/wp-json\/wp\/v2\/posts"}],"about":[{"href":"https:\/\/www.inovelondrina.com.br\/agencia\/wp-json\/wp\/v2\/types\/post"}],"author":[{"embeddable":true,"href":"https:\/\/www.inovelondrina.com.br\/agencia\/wp-json\/wp\/v2\/users\/111"}],"replies":[{"embeddable":true,"href":"https:\/\/www.inovelondrina.com.br\/agencia\/wp-json\/wp\/v2\/comments?post=10321"}],"version-history":[{"count":0,"href":"https:\/\/www.inovelondrina.com.br\/agencia\/wp-json\/wp\/v2\/posts\/10321\/revisions"}],"wp:featuredmedia":[{"embeddable":true,"href":"https:\/\/www.inovelondrina.com.br\/agencia\/wp-json\/wp\/v2\/media\/10323"}],"wp:attachment":[{"href":"https:\/\/www.inovelondrina.com.br\/agencia\/wp-json\/wp\/v2\/media?parent=10321"}],"wp:term":[{"taxonomy":"category","embeddable":true,"href":"https:\/\/www.inovelondrina.com.br\/agencia\/wp-json\/wp\/v2\/categories?post=10321"},{"taxonomy":"post_tag","embeddable":true,"href":"https:\/\/www.inovelondrina.com.br\/agencia\/wp-json\/wp\/v2\/tags?post=10321"}],"curies":[{"name":"wp","href":"https:\/\/api.w.org\/{rel}","templated":true}]}}