{"id":10142,"date":"2022-01-01T13:47:00","date_gmt":"2022-01-01T16:47:00","guid":{"rendered":"https:\/\/www.inovelondrina.com.br\/agencia\/?p=10142"},"modified":"2022-01-30T13:51:38","modified_gmt":"2022-01-30T16:51:38","slug":"virada-de-ano-especial-apos-240-dias-internado-devido-a-covid-19-homem-recebe-alta","status":"publish","type":"post","link":"https:\/\/www.inovelondrina.com.br\/agencia\/virada-de-ano-especial-apos-240-dias-internado-devido-a-covid-19-homem-recebe-alta\/","title":{"rendered":"Virada de ano especial: Ap\u00f3s 240 dias internado devido \u00e0 Covid-19, homem recebe alta"},"content":{"rendered":"<blockquote class=\"wp-embedded-content\" data-secret=\"hO0vOAqYLe\"><p><a href=\"https:\/\/ricmais.com.br\/saude\/virada-de-ano-especial-apos-240-dias-internado-devido-a-covid-19-homem-recebe-alta\/\">Virada de ano especial: ap\u00f3s 240 dias internado devido \u00e0 Covid-19, homem recebe alta<\/a><\/p><\/blockquote>\n<p><iframe loading=\"lazy\" class=\"wp-embedded-content\" sandbox=\"allow-scripts\" security=\"restricted\" style=\"position: absolute; clip: rect(1px, 1px, 1px, 1px);\" title=\"&#8220;Virada de ano especial: ap\u00f3s 240 dias internado devido \u00e0 Covid-19, homem recebe alta&#8221; &#8212; RIC Mais\" src=\"https:\/\/ricmais.com.br\/saude\/virada-de-ano-especial-apos-240-dias-internado-devido-a-covid-19-homem-recebe-alta\/embed\/#?secret=hO0vOAqYLe\" data-secret=\"hO0vOAqYLe\" width=\"600\" height=\"338\" frameborder=\"0\" marginwidth=\"0\" marginheight=\"0\" scrolling=\"no\"><\/iframe><\/p>\n<p>&nbsp;<\/p>\n<div class=\"single_topo\">\n<div class=\"single_topo_info\">\n<h4 class=\"display\">VIRADA DE ANO ESPECIAL: AP\u00d3S 240 DIAS INTERNADO DEVIDO \u00c0 COVID-19, HOMEM RECEBE ALTA<\/h4>\n<div class=\"post_gravata\">\n<p>Martin Arruda ficou quase cinco meses s\u00f3 na UTI com complica\u00e7\u00f5es da doen\u00e7a<\/p>\n<\/div>\n<\/div>\n<\/div>\n<div class=\"single_info single_info_padrao flex align-center\">\n<div class=\"single_autor flex align-center\">\n<div class=\"single_autor_info\"><strong>Ana Clara Mar\u00e7al \/ Estagi\u00e1ria<\/strong>com informa\u00e7\u00f5es de Ana Contato, da RICtv e supervis\u00e3o de Guilherme Fortunato<button class=\"post_maior\"><\/button><\/div>\n<\/div>\n<\/div>\n<article class=\"single_content\" data-fetch=\"true\">\n<p class=\"ppintext\"><strong>Martin Arruda<\/strong>, de 54 anos, e a fam\u00edlia receberam um<strong>\u00a0presente especial na v\u00e9spera de Ano-novo<\/strong>. Depois de ficar\u00a0<strong>240 dias internado no Hospital Evang\u00e9lico de\u00a0<a href=\"https:\/\/ricmais.com.br\/londrina\/\">Londrina<\/a><\/strong>, no norte do\u00a0<a href=\"https:\/\/ricmais.com.br\/parana\/\">Paran\u00e1<\/a>, o morador de\u00a0<strong>Primeiro de Maio<\/strong>, na mesma regi\u00e3o do Estado,<strong>\u00a0recebeu alta<\/strong>\u00a0e poder\u00e1 celebrar a chegada de 2022 junto da fam\u00edlia.<\/p>\n<div class=\"single_mover\">\n<figure><img decoding=\"async\" class=\"entered lazyloaded\" src=\"https:\/\/static.ricmais.com.br\/uploads\/2021\/12\/alta-covid-240-dias-1-1074x600.png\" alt=\"Virada de ano especial: ap\u00f3s 240 dias internado devido \u00e0 Covid-19, homem recebe alta\" data-lazy-srcset=\"https:\/\/static.ricmais.com.br\/uploads\/2021\/12\/alta-covid-240-dias-1-375x250.png 375w,\n\t\t\t\thttps:\/\/static.ricmais.com.br\/uploads\/2021\/12\/alta-covid-240-dias-1-1074x600.png 2400w\" data-lazy-sizes=\"(max-width: 375px) 375px\" data-lazy-src=\"https:\/\/static.ricmais.com.br\/uploads\/2021\/12\/alta-covid-240-dias-1-1074x600.png\" data-ll-status=\"loaded\" \/><\/figure>\n<p>(Foto: Reprodu\u00e7\u00e3o\/RICtv)<\/p><\/div>\n<blockquote class=\"wp-block-quote\"><p>\u201cJ\u00e1 estava esperando por esse momento, estou muito emocionada e n\u00e3o tenho nem palavras para explicar. Deus \u00e9 muito bom!\u201d<\/p>\n<p><cite>comemora, emocionada, a filha de Martin, Ana Gabriela Anjos Arruda.<\/cite><\/p><\/blockquote>\n<p class=\"ppintext\">Martin e a esposa, Silmara Arruda, contra\u00edram a doen\u00e7a em<strong>\u00a0maio<\/strong>\u00a0deste ano. A mulher se recuperou logo, mas o companheiro teve que ser internado devido \u00e0s complica\u00e7\u00f5es do novo coronav\u00edrus. S\u00f3 de\u00a0<strong>UTI<\/strong>, foram\u00a0<strong>aproximadamente cinco meses<\/strong>. Os familiares vinham para Londrina quase todos os dias para saber not\u00edcias de Martin e fazer companhia.<\/p>\n<blockquote class=\"wp-block-quote\"><p>\u201cMomento que a gente n\u00e3o deseja para ningu\u00e9m porque meus pais s\u00e3o j\u00e1 de idade e eu sou o \u00fanico irm\u00e3o, ent\u00e3o voc\u00ea sabe que a dificuldade \u00e9 muito grande. Ele estando aqui, n\u00f3s em Primeiro de Maio e vindo todos os dias. Foi uma luta [\u2026] eu ficava durante a semana aqui todo dia quase para acompanh\u00e1-lo porque ele teve muito tempo de UTI ent\u00e3o, nesses momentos, acabou eu fazendo essa parte e, depois que ele foi para o quarto, minha cunhada, esposa dele, acabou assumindo e nos ajudando tamb\u00e9m, foi uma soma de todo mundo.\u201d<\/p>\n<p><cite>relembra Jerubal Arruda, irm\u00e3o de Martin.<\/cite><\/p><\/blockquote>\n<p class=\"ppintext\" data-fetch=\"true\">A sa\u00edda do hospital foi marcada por cartazes de comemora\u00e7\u00e3o, palmas, choros de alegria e muito amor.<\/p>\n<blockquote class=\"wp-block-quote\"><p>\u201cGratid\u00e3o imensa a Deus, toda honra e toda gl\u00f3ria ao Senhor, s\u00e3o quase oito meses mas a miseric\u00f3rdia do Senhor \u00e9 imensa, ent\u00e3o n\u00f3s clamamos a Deus, pedimos e ele nos ouviu. N\u00e3o tem presente maior, esse final de ano, do que estar levando o Martin para casa e sabendo que Deus \u00e9 poderoso para fazer infinitamente mais do que aquilo que n\u00f3s pedimos ou pensamos.\u201d<\/p>\n<p><cite>agradece a esposa.<\/cite><\/p><\/blockquote>\n<\/article>\n","protected":false},"excerpt":{"rendered":"<p>Virada de ano especial: ap\u00f3s 240 dias internado devido \u00e0 Covid-19, homem recebe alta &nbsp; VIRADA DE ANO ESPECIAL: AP\u00d3S 240 DIAS INTERNADO DEVIDO \u00c0 COVID-19,<span class=\"excerpt-hellip\"> [?]<\/span><\/p>\n","protected":false},"author":111,"featured_media":4497,"comment_status":"closed","ping_status":"open","sticky":false,"template":"","format":"standard","meta":{"_joinchat":[],"footnotes":""},"categories":[159,171],"tags":[],"class_list":["post-10142","post","type-post","status-publish","format-standard","has-post-thumbnail","hentry","category-clientes","category-hospital-evangelico"],"_links":{"self":[{"href":"https:\/\/www.inovelondrina.com.br\/agencia\/wp-json\/wp\/v2\/posts\/10142","targetHints":{"allow":["GET"]}}],"collection":[{"href":"https:\/\/www.inovelondrina.com.br\/agencia\/wp-json\/wp\/v2\/posts"}],"about":[{"href":"https:\/\/www.inovelondrina.com.br\/agencia\/wp-json\/wp\/v2\/types\/post"}],"author":[{"embeddable":true,"href":"https:\/\/www.inovelondrina.com.br\/agencia\/wp-json\/wp\/v2\/users\/111"}],"replies":[{"embeddable":true,"href":"https:\/\/www.inovelondrina.com.br\/agencia\/wp-json\/wp\/v2\/comments?post=10142"}],"version-history":[{"count":0,"href":"https:\/\/www.inovelondrina.com.br\/agencia\/wp-json\/wp\/v2\/posts\/10142\/revisions"}],"wp:featuredmedia":[{"embeddable":true,"href":"https:\/\/www.inovelondrina.com.br\/agencia\/wp-json\/wp\/v2\/media\/4497"}],"wp:attachment":[{"href":"https:\/\/www.inovelondrina.com.br\/agencia\/wp-json\/wp\/v2\/media?parent=10142"}],"wp:term":[{"taxonomy":"category","embeddable":true,"href":"https:\/\/www.inovelondrina.com.br\/agencia\/wp-json\/wp\/v2\/categories?post=10142"},{"taxonomy":"post_tag","embeddable":true,"href":"https:\/\/www.inovelondrina.com.br\/agencia\/wp-json\/wp\/v2\/tags?post=10142"}],"curies":[{"name":"wp","href":"https:\/\/api.w.org\/{rel}","templated":true}]}}