{"id":10140,"date":"2022-01-01T13:43:24","date_gmt":"2022-01-01T16:43:24","guid":{"rendered":"https:\/\/www.inovelondrina.com.br\/agencia\/?p=10140"},"modified":"2022-01-30T13:46:02","modified_gmt":"2022-01-30T16:46:02","slug":"hospital-evangelico-consegue-credenciamento-e-vai-receber-r-700-mil","status":"publish","type":"post","link":"https:\/\/www.inovelondrina.com.br\/agencia\/hospital-evangelico-consegue-credenciamento-e-vai-receber-r-700-mil\/","title":{"rendered":"Hospital Evang\u00e9lico consegue credenciamento e vai receber R$ 700 mil"},"content":{"rendered":"<h4>Hospital Evang\u00e9lico consegue credenciamento e vai receber R$ 700 mil<\/h4>\n<div class=\"bottom-title\">\n<div class=\"assinatura\">\n<p class=\"published-by\">Reda\u00e7\u00e3o Tarob\u00e1 News<\/p>\n<p><iframe loading=\"lazy\" title=\"31-12-21 - Hospital Evang\u00e9lico consegue credenciamento e vai receber R$ 700 mil\" width=\"1220\" height=\"686\" src=\"https:\/\/www.youtube.com\/embed\/QqH1H-laZUs?feature=oembed\" frameborder=\"0\" allow=\"accelerometer; autoplay; clipboard-write; encrypted-media; gyroscope; picture-in-picture\" allowfullscreen><\/iframe><\/p>\n<\/div>\n<div class=\"midias\"><\/div>\n<\/div>\n<div class=\"text\">\n<div>\n<p>O Hospital Evang\u00e9lico em Londrina ser\u00e1 um Centro Especializado de Atendimento de Acidente Vascular Cerebral &#8211; AVC. O credenciamento no Minist\u00e9rio da Sa\u00fade em Bras\u00edlia foi realizado durante visita do prefeito de Londrina, Marcelo Belinati e do secret\u00e1rio de Sa\u00fade, Felippe Machado.<\/p>\n<p>Com a oficializa\u00e7\u00e3o como Centro Especializado de Atendimento, o hospital vai receber mensalmente R$ 700 mil.<\/p>\n<p>Ser\u00e1 constru\u00eddo uma moderno estrutura para atender quem tem derrame cerebral. De acordo com a prefeitura, ser\u00e1 utilizado tudo de mais moderno para o servi\u00e7o: equipamentos, medica\u00e7\u00f5es e equipe de sa\u00fade especializada.<\/p>\n<\/div>\n<\/div>\n<p>&nbsp;<\/p>\n<p><a href=\"https:\/\/tarobanews.com\/noticias\/cidade\/hospital-evangelico-consegue-credenciamento-e-vai-receber-r-700-mil-j4N9v.html\">https:\/\/tarobanews.com\/noticias\/cidade\/hospital-evangelico-consegue-credenciamento-e-vai-receber-r-700-mil-j4N9v.html<\/a><\/p>\n","protected":false},"excerpt":{"rendered":"<p>Hospital Evang\u00e9lico consegue credenciamento e vai receber R$ 700 mil Reda\u00e7\u00e3o Tarob\u00e1 News O Hospital Evang\u00e9lico em Londrina ser\u00e1 um Centro Especializado de Atendimento de Acidente<span class=\"excerpt-hellip\"> [?]<\/span><\/p>\n","protected":false},"author":111,"featured_media":9460,"comment_status":"closed","ping_status":"open","sticky":false,"template":"","format":"standard","meta":{"_joinchat":[],"footnotes":""},"categories":[159,171],"tags":[],"class_list":["post-10140","post","type-post","status-publish","format-standard","has-post-thumbnail","hentry","category-clientes","category-hospital-evangelico"],"_links":{"self":[{"href":"https:\/\/www.inovelondrina.com.br\/agencia\/wp-json\/wp\/v2\/posts\/10140","targetHints":{"allow":["GET"]}}],"collection":[{"href":"https:\/\/www.inovelondrina.com.br\/agencia\/wp-json\/wp\/v2\/posts"}],"about":[{"href":"https:\/\/www.inovelondrina.com.br\/agencia\/wp-json\/wp\/v2\/types\/post"}],"author":[{"embeddable":true,"href":"https:\/\/www.inovelondrina.com.br\/agencia\/wp-json\/wp\/v2\/users\/111"}],"replies":[{"embeddable":true,"href":"https:\/\/www.inovelondrina.com.br\/agencia\/wp-json\/wp\/v2\/comments?post=10140"}],"version-history":[{"count":0,"href":"https:\/\/www.inovelondrina.com.br\/agencia\/wp-json\/wp\/v2\/posts\/10140\/revisions"}],"wp:featuredmedia":[{"embeddable":true,"href":"https:\/\/www.inovelondrina.com.br\/agencia\/wp-json\/wp\/v2\/media\/9460"}],"wp:attachment":[{"href":"https:\/\/www.inovelondrina.com.br\/agencia\/wp-json\/wp\/v2\/media?parent=10140"}],"wp:term":[{"taxonomy":"category","embeddable":true,"href":"https:\/\/www.inovelondrina.com.br\/agencia\/wp-json\/wp\/v2\/categories?post=10140"},{"taxonomy":"post_tag","embeddable":true,"href":"https:\/\/www.inovelondrina.com.br\/agencia\/wp-json\/wp\/v2\/tags?post=10140"}],"curies":[{"name":"wp","href":"https:\/\/api.w.org\/{rel}","templated":true}]}}