{"id":10138,"date":"2022-01-01T13:40:23","date_gmt":"2022-01-01T16:40:23","guid":{"rendered":"https:\/\/www.inovelondrina.com.br\/agencia\/?p=10138"},"modified":"2022-01-30T13:42:55","modified_gmt":"2022-01-30T16:42:55","slug":"hospital-evangelico-sera-centro-de-avc","status":"publish","type":"post","link":"https:\/\/www.inovelondrina.com.br\/agencia\/hospital-evangelico-sera-centro-de-avc\/","title":{"rendered":"Hospital Evang\u00e9lico ser\u00e1 centro de AVC"},"content":{"rendered":"<div class=\"detail-category row\">\n<h5>LONDRINA<\/h5>\n<\/div>\n<div class=\"detail-title row\">\n<h4>Londrina ganhar\u00e1 duas novas creches e Hospital Evang\u00e9lico ser\u00e1 Centro de AVC<\/h4>\n<\/div>\n<div class=\"detail-resume row\">\n<h4><span style=\"font-size: 14px\">Matheus Zampieri &#8211; Paiquer\u00ea FM News<\/span><\/h4>\n<\/div>\n<div class=\"detail-date row\">\n<div class=\"col-md-9\">\n<h6>O prefeito de Londrina, Marcelo Belinati (PP), anunciou na manh\u00e3 dessa sexta-feira (31), em suas redes sociais, os resultados de sua ida a Bras\u00edlia (DF) em busca de recursos para o munic\u00edpio. Foram obtidos R$ 3,3 milh\u00f5es que possibilitar\u00e3o a constru\u00e7\u00e3o de duas novas creches, sendo uma no jardim Santo Andr\u00e9 (regi\u00e3o oeste) e uma no conjunto Jos\u00e9 Giordano (regi\u00e3o norte).<\/h6>\n<\/div>\n<\/div>\n<div class=\"responsive-padding row\">\n<div class=\"detail-body\">\n<p>&#8220;Ontem a tarde, em reuni\u00e3o em Bras\u00edlia , o FNDE (Fundo Nacional de Desenvolvimento da Educa\u00e7\u00e3o) liberou recursos (R$ 3,3 milh\u00f5es) para a constru\u00e7\u00e3o das t\u00e3o sonhadas creches do jardim Santo Andr\u00e9 e do conjunto Jos\u00e9 Giordano. Um sonho de mais de 30 anos que agora vai sair do papel pra se transformar em realidade. As creches atender\u00e3o cerca de 300 crian\u00e7as de 0 a 3 anos em per\u00edodo integral&#8221;, afirmou.<\/p>\n<p>Tamb\u00e9m foi obtido o credenciamento do Hospital Evang\u00e9lico (HE) como centro especializado em atendimento de AVC (acidente vascular cerebral). O HE receber\u00e1 R$ 700 mil anuais do Minist\u00e9rio da Sa\u00fade.<\/p>\n<p>&#8220;Estivemos com o ministro da Sa\u00fade, Marcelo Queiroga, agradecendo o credenciamento do Hospital Evang\u00e9lico como centro de refer\u00eancia em atendimento a AVC. Isso possibilitar\u00e1, al\u00e9m de recursos mensais ao hospital (R$ 700 mil por ano, todos os anos), a constitui\u00e7\u00e3o de um moderno centro de atendimento para quem tem derrame cerebral, com tudo que tem de mais moderno na medicina, seja em equipamentos, medica\u00e7\u00f5es e equipe de sa\u00fade especializada&#8221;, concluiu.<\/p>\n<\/div>\n<\/div>\n<p>&nbsp;<\/p>\n<p><a href=\"https:\/\/paiquerefmnews.com.br\/noticia\/londrina-ganhara-duas-novas-creches-e-hospital-evangelico-sera-centro-de-avc\">https:\/\/paiquerefmnews.com.br\/noticia\/londrina-ganhara-duas-novas-creches-e-hospital-evangelico-sera-centro-de-avc<\/a><\/p>\n","protected":false},"excerpt":{"rendered":"<p>LONDRINA Londrina ganhar\u00e1 duas novas creches e Hospital Evang\u00e9lico ser\u00e1 Centro de AVC Matheus Zampieri &#8211; Paiquer\u00ea FM News O prefeito de Londrina, Marcelo Belinati (PP),<span class=\"excerpt-hellip\"> [?]<\/span><\/p>\n","protected":false},"author":111,"featured_media":8410,"comment_status":"closed","ping_status":"open","sticky":false,"template":"","format":"standard","meta":{"_joinchat":[],"footnotes":""},"categories":[159,171],"tags":[],"class_list":["post-10138","post","type-post","status-publish","format-standard","has-post-thumbnail","hentry","category-clientes","category-hospital-evangelico"],"_links":{"self":[{"href":"https:\/\/www.inovelondrina.com.br\/agencia\/wp-json\/wp\/v2\/posts\/10138","targetHints":{"allow":["GET"]}}],"collection":[{"href":"https:\/\/www.inovelondrina.com.br\/agencia\/wp-json\/wp\/v2\/posts"}],"about":[{"href":"https:\/\/www.inovelondrina.com.br\/agencia\/wp-json\/wp\/v2\/types\/post"}],"author":[{"embeddable":true,"href":"https:\/\/www.inovelondrina.com.br\/agencia\/wp-json\/wp\/v2\/users\/111"}],"replies":[{"embeddable":true,"href":"https:\/\/www.inovelondrina.com.br\/agencia\/wp-json\/wp\/v2\/comments?post=10138"}],"version-history":[{"count":0,"href":"https:\/\/www.inovelondrina.com.br\/agencia\/wp-json\/wp\/v2\/posts\/10138\/revisions"}],"wp:featuredmedia":[{"embeddable":true,"href":"https:\/\/www.inovelondrina.com.br\/agencia\/wp-json\/wp\/v2\/media\/8410"}],"wp:attachment":[{"href":"https:\/\/www.inovelondrina.com.br\/agencia\/wp-json\/wp\/v2\/media?parent=10138"}],"wp:term":[{"taxonomy":"category","embeddable":true,"href":"https:\/\/www.inovelondrina.com.br\/agencia\/wp-json\/wp\/v2\/categories?post=10138"},{"taxonomy":"post_tag","embeddable":true,"href":"https:\/\/www.inovelondrina.com.br\/agencia\/wp-json\/wp\/v2\/tags?post=10138"}],"curies":[{"name":"wp","href":"https:\/\/api.w.org\/{rel}","templated":true}]}}