{"id":10130,"date":"2022-01-03T13:24:07","date_gmt":"2022-01-03T16:24:07","guid":{"rendered":"https:\/\/www.inovelondrina.com.br\/agencia\/?p=10130"},"modified":"2022-01-30T13:35:24","modified_gmt":"2022-01-30T16:35:24","slug":"londrina-tera-unidade-de-tratamento-de-avc-no-hospital-evangelico","status":"publish","type":"post","link":"https:\/\/www.inovelondrina.com.br\/agencia\/londrina-tera-unidade-de-tratamento-de-avc-no-hospital-evangelico\/","title":{"rendered":"Londrina ter\u00e1 unidade de tratamento de AVC no Hospital Evang\u00e9lico"},"content":{"rendered":"<h4 class=\"jeg_post_title\">Londrina ter\u00e1 unidade de tratamento de AVC no Hospital Evang\u00e9lico<\/h4>\n<p><img loading=\"lazy\" decoding=\"async\" class=\"alignnone size-medium wp-image-10131 aligncenter\" src=\"https:\/\/www.inovelondrina.com.br\/agencia\/wp-content\/uploads\/2022\/01\/6ce8efdf-be0b-4cd7-be04-6184da05bccd-1024x683-1-300x200.jpg\" alt=\"\" width=\"300\" height=\"200\" srcset=\"https:\/\/www.inovelondrina.com.br\/agencia\/wp-content\/uploads\/2022\/01\/6ce8efdf-be0b-4cd7-be04-6184da05bccd-1024x683-1-300x200.jpg 300w, https:\/\/www.inovelondrina.com.br\/agencia\/wp-content\/uploads\/2022\/01\/6ce8efdf-be0b-4cd7-be04-6184da05bccd-1024x683-1-800x534.jpg 800w, https:\/\/www.inovelondrina.com.br\/agencia\/wp-content\/uploads\/2022\/01\/6ce8efdf-be0b-4cd7-be04-6184da05bccd-1024x683-1-768x512.jpg 768w, https:\/\/www.inovelondrina.com.br\/agencia\/wp-content\/uploads\/2022\/01\/6ce8efdf-be0b-4cd7-be04-6184da05bccd-1024x683-1-219x146.jpg 219w, https:\/\/www.inovelondrina.com.br\/agencia\/wp-content\/uploads\/2022\/01\/6ce8efdf-be0b-4cd7-be04-6184da05bccd-1024x683-1-50x33.jpg 50w, https:\/\/www.inovelondrina.com.br\/agencia\/wp-content\/uploads\/2022\/01\/6ce8efdf-be0b-4cd7-be04-6184da05bccd-1024x683-1-112x75.jpg 112w, https:\/\/www.inovelondrina.com.br\/agencia\/wp-content\/uploads\/2022\/01\/6ce8efdf-be0b-4cd7-be04-6184da05bccd-1024x683-1.jpg 1024w\" sizes=\"auto, (max-width: 300px) 100vw, 300px\" \/><\/p>\n<p>A cidade de\u00a0<a href=\"https:\/\/24h.com.br\/parana\/londrina\"><strong>Londrina<\/strong><\/a>\u00a0passar\u00e1 a ter um Centro Especializado em atendimento a casos de Acidente Vascular Cerebral (AVC) no Hospital Evang\u00e9lico. O an\u00fancio foi feito pelo prefeito\u00a0<strong>Marcelo Belinati<\/strong>\u00a0ap\u00f3s viagem a Bras\u00edlia, onde se encontrou com o ministro da Sa\u00fade, Marcelo Queiroga, e com o l\u00edder do governo, Ricardo Barros (PP-PR).<\/p>\n<p>A viagem do prefeito a Bras\u00edlia aconteceu na \u00faltima semana do ano. Como ex-deputado federal, Belinati sabe que neste per\u00edodo acontece o fechamento de contas do minist\u00e9rio, e \u00e9 um momento prop\u00edcio para captar recursos para obras e projetos p\u00fablicos.<\/p>\n<p><strong>\u201cS\u00f3 tenho a agradecer ao l\u00edder do Governo Federal, Ricardo Barros, e a toda equipe do FNDE e do Minist\u00e9rio da Sa\u00fade\u201d, disse Marcelo.<\/strong><\/p>\n<div class=\"jnews_inline_related_post_wrapper left\">\n<div class=\"jnews_inline_related_post\">\n<div class=\"jeg_postblock_29 jeg_postblock jeg_module_hook jeg_pagination_disable jeg_col_2o3 jnews_module_44157_0_61f6bbcb90517 \" data-unique=\"jnews_module_44157_0_61f6bbcb90517\">\n<div class=\"jeg_block_heading jeg_block_heading_8 jeg_subcat_right\"><\/div>\n<div class=\"jeg_block_navigation\">Assim, al\u00e9m do repasse anual de R$ 700 mil \u2013 que o Evang\u00e9lico recebe para os atendimentos \u2013 o hospital passar\u00e1 a contar com um moderno centro de atendimento aos pacientes que sofreram com derrame cerebral.<\/div>\n<\/div>\n<\/div>\n<\/div>\n<p>\u201cEle ter\u00e1 tudo que tem de mais moderno na medicina, seja em equipamentos, medica\u00e7\u00f5es e equipe de sa\u00fade especializada. Vai salvar muitas vidas e evitar muitas sequelas dessa doen\u00e7a terr\u00edvel que \u00e9 o derrame cerebral\u201d, disse o prefeito.<\/p>\n<div id=\"crestashareiconincontent\" class=\"cresta-share-icon first_style\"><\/div>\n<h3><strong>CRECHES<\/strong><\/h3>\n<p>Al\u00e9m do centro de tratamento de AVC, a cidade tamb\u00e9m anunciou a constru\u00e7\u00e3o de duas creches com recursos do Fundo Nacional de Desenvolvimento da Educa\u00e7\u00e3o (FNDE). Ser\u00e3o repassados R$ 3,3 milh\u00f5es para as obras, recursos que com a contrapartida da prefeitura, devem somar R$ 5 milh\u00f5es de investimentos.<\/p>\n<figure id=\"attachment_44160\" class=\"wp-caption aligncenter\" aria-describedby=\"caption-attachment-44160\"><img loading=\"lazy\" decoding=\"async\" class=\"size-full wp-image-44160\" src=\"https:\/\/i0.wp.com\/24h.com.br\/wp-content\/uploads\/2022\/01\/00303769.jpg?resize=690%2C388&amp;ssl=1\" alt=\"\" width=\"533\" height=\"300\" data-pagespeed-url-hash=\"1371292830\" data-pin-no-hover=\"true\" \/><figcaption id=\"caption-attachment-44160\" class=\"wp-caption-text\">Prefeitura inaugurou novas creches em 2020 \u2013 Foto: Divulga\u00e7\u00e3o<\/figcaption><\/figure>\n<p>As creches anunciadas ser\u00e3o constru\u00eddas no Jardim Santo Andr\u00e9 (zona oeste) e outra no Conjunto Jos\u00e9 Giordano, na zona norte. Ambas as unidades s\u00e3o reinvindica\u00e7\u00e3o antiga da popula\u00e7\u00e3o, que h\u00e1 mais de 30 anos aguardam pelas obras.<\/p>\n<p>De acordo com a secret\u00e1ria municipal de Educa\u00e7\u00e3o, Maria Tereza Pashoal de Moraes, nas duas localidades escolhidas h\u00e1 uma lista de espera de aproximadamente 500 crian\u00e7as.<\/p>\n<p>Com os novos pr\u00e9dios, a expectativa \u00e9 que sejam criadas mais de 300 vagas para a educa\u00e7\u00e3o infantil, sendo que, no Jardim Santo Andr\u00e9, deve ser erguida uma creche com maior capacidade. Ela deve atender mais de 180 alunos, de zero a tr\u00eas anos, em per\u00edodo integral.<\/p>\n<p>J\u00e1 o Conjunto Jos\u00e9 Giordano dever\u00e1 receber uma unidade educacional Proinf\u00e2ncia Tipo 2, que t\u00eam capacidade para comportar mais de 90 crian\u00e7as, de zero a tr\u00eas anos, tamb\u00e9m em per\u00edodo integral.<\/p>\n<p>A creche no Jardim Santo Andr\u00e9, por ser maior, deve custar cerca de R$ 3 milh\u00f5es. J\u00e1 a unidade de educa\u00e7\u00e3o infantil no Conjunto Jos\u00e9 Giordano poder\u00e1 somar R$ 2 milh\u00f5es<\/p>\n<p>. \u201cVamos solicitar \u00e0 Secretaria de Obras e Pavimenta\u00e7\u00e3o que prepare os projetos para a implanta\u00e7\u00e3o e constru\u00e7\u00e3o. Isso \u00e9 feito via contrata\u00e7\u00e3o de escrit\u00f3rios de arquitetura e engenharia, o que deve ser realizado durante o ano de 2022, para que possamos licitar e iniciar as obras em 2023. A nossa previs\u00e3o \u00e9 que as aulas possam come\u00e7ar nessas duas unidades em 2024\u201d, pontuou Moraes.<\/p>\n<p><a href=\"https:\/\/24h.com.br\/parana\/londrina\/londrina-tera-unidade-de-tratamento-de-avc-no-hospital-evangelico\/\">https:\/\/24h.com.br\/parana\/londrina\/londrina-tera-unidade-de-tratamento-de-avc-no-hospital-evangelico\/<\/a><\/p>\n","protected":false},"excerpt":{"rendered":"<p>Londrina ter\u00e1 unidade de tratamento de AVC no Hospital Evang\u00e9lico A cidade de\u00a0Londrina\u00a0passar\u00e1 a ter um Centro Especializado em atendimento a casos de Acidente Vascular Cerebral<span class=\"excerpt-hellip\"> [?]<\/span><\/p>\n","protected":false},"author":111,"featured_media":10132,"comment_status":"closed","ping_status":"open","sticky":false,"template":"","format":"standard","meta":{"_joinchat":[],"footnotes":""},"categories":[159,171],"tags":[],"class_list":["post-10130","post","type-post","status-publish","format-standard","has-post-thumbnail","hentry","category-clientes","category-hospital-evangelico"],"_links":{"self":[{"href":"https:\/\/www.inovelondrina.com.br\/agencia\/wp-json\/wp\/v2\/posts\/10130","targetHints":{"allow":["GET"]}}],"collection":[{"href":"https:\/\/www.inovelondrina.com.br\/agencia\/wp-json\/wp\/v2\/posts"}],"about":[{"href":"https:\/\/www.inovelondrina.com.br\/agencia\/wp-json\/wp\/v2\/types\/post"}],"author":[{"embeddable":true,"href":"https:\/\/www.inovelondrina.com.br\/agencia\/wp-json\/wp\/v2\/users\/111"}],"replies":[{"embeddable":true,"href":"https:\/\/www.inovelondrina.com.br\/agencia\/wp-json\/wp\/v2\/comments?post=10130"}],"version-history":[{"count":0,"href":"https:\/\/www.inovelondrina.com.br\/agencia\/wp-json\/wp\/v2\/posts\/10130\/revisions"}],"wp:featuredmedia":[{"embeddable":true,"href":"https:\/\/www.inovelondrina.com.br\/agencia\/wp-json\/wp\/v2\/media\/10132"}],"wp:attachment":[{"href":"https:\/\/www.inovelondrina.com.br\/agencia\/wp-json\/wp\/v2\/media?parent=10130"}],"wp:term":[{"taxonomy":"category","embeddable":true,"href":"https:\/\/www.inovelondrina.com.br\/agencia\/wp-json\/wp\/v2\/categories?post=10130"},{"taxonomy":"post_tag","embeddable":true,"href":"https:\/\/www.inovelondrina.com.br\/agencia\/wp-json\/wp\/v2\/tags?post=10130"}],"curies":[{"name":"wp","href":"https:\/\/api.w.org\/{rel}","templated":true}]}}