{"id":10117,"date":"2022-01-29T12:52:01","date_gmt":"2022-01-29T15:52:01","guid":{"rendered":"https:\/\/www.inovelondrina.com.br\/agencia\/?p=10117"},"modified":"2022-01-30T12:58:10","modified_gmt":"2022-01-30T15:58:10","slug":"hospital-evangelico-recebera-doacao-de-r-35-milhoes-de-emenda-parlamentar","status":"publish","type":"post","link":"https:\/\/www.inovelondrina.com.br\/agencia\/hospital-evangelico-recebera-doacao-de-r-35-milhoes-de-emenda-parlamentar\/","title":{"rendered":"Hospital Evang\u00e9lico receber\u00e1 doa\u00e7\u00e3o de R$ 3,5 milh\u00f5es de emenda parlamentar"},"content":{"rendered":"<h4><strong>Hospital Evang\u00e9lico receber\u00e1 doa\u00e7\u00e3o de R$ 3,5 milh\u00f5es de emenda parlamentar<\/strong><\/h4>\n<p><img loading=\"lazy\" decoding=\"async\" class=\" wp-image-10118 aligncenter\" src=\"https:\/\/www.inovelondrina.com.br\/agencia\/wp-content\/uploads\/2022\/01\/md-ba6f2d74-0460-424b-9d26-3e55cc2617e8-300x166.jpg\" alt=\"\" width=\"311\" height=\"172\" srcset=\"https:\/\/www.inovelondrina.com.br\/agencia\/wp-content\/uploads\/2022\/01\/md-ba6f2d74-0460-424b-9d26-3e55cc2617e8-300x166.jpg 300w, https:\/\/www.inovelondrina.com.br\/agencia\/wp-content\/uploads\/2022\/01\/md-ba6f2d74-0460-424b-9d26-3e55cc2617e8-260x144.jpg 260w, https:\/\/www.inovelondrina.com.br\/agencia\/wp-content\/uploads\/2022\/01\/md-ba6f2d74-0460-424b-9d26-3e55cc2617e8-50x28.jpg 50w, https:\/\/www.inovelondrina.com.br\/agencia\/wp-content\/uploads\/2022\/01\/md-ba6f2d74-0460-424b-9d26-3e55cc2617e8-136x75.jpg 136w, https:\/\/www.inovelondrina.com.br\/agencia\/wp-content\/uploads\/2022\/01\/md-ba6f2d74-0460-424b-9d26-3e55cc2617e8.jpg 634w\" sizes=\"auto, (max-width: 311px) 100vw, 311px\" \/><\/p>\n<p>O Hospital Evang\u00e9lico de Londrina vai receber a doa\u00e7\u00e3o de R$ 3,5 milh\u00f5es de emenda parlamentar da deputada federal Aline Sleutjes (PSL). Ela visitar\u00e1 a institui\u00e7\u00e3o na pr\u00f3xima segunda-feira (28) a partir das 14h30. Os recursos ser\u00e3o utilizados para implementar novas melhorias na estrutura do maior hospital de alta complexidade, urg\u00eancia e emerg\u00eancia da regi\u00e3o.<\/p>\n<p>Al\u00e9m da deputada paranaense nascida no munic\u00edpio de Castro, estar\u00e3o presentes os diretores e membros do Conselho administrativo da Associa\u00e7\u00e3o Evang\u00e9lica Beneficente de Londrina (AEBEL), m\u00e9dicos do corpo cl\u00ednico, e parceiros da institui\u00e7\u00e3o como Marcelo Janene El-Kadre, presidente do Conselho Superior da Sociedade Rural do Paran\u00e1. Al\u00e9m de outros convidados, como o secret\u00e1rio de Sa\u00fade do munic\u00edpio de Londrina Felippe Machado, integrantes do Grupo de Apoio ao Hospital Evang\u00e9lico de Londrina (GAHEL) e representantes de cooperativas.<\/p>\n<p>O Hospital Evang\u00e9lico de Londrina destina mais de 60% dos atendimentos ao Sistema \u00danico de Sa\u00fade (SUS). O centro m\u00e9dico realiza atendimentos intensivos a pacientes graves em seus 66 leitos de Unidade de Terapia Intensiva (UTI): 56 adultos e 10 neo-pedi\u00e1tricos. Possui uma maternidade refer\u00eancia em gesta\u00e7\u00f5es de alto risco, realizando o acompanhamento pr\u00e9-Natal de todas as pacientes SUS em sua unidade de apoio ambulatorial.<\/p>\n<p><a href=\"https:\/\/tarobanews.com\/noticias\/ciencia-e-saude\/hospital-evangelico-recebera-doacao-de-r-35-milhoes-de-emenda-parlamentar-veD7q.html\">https:\/\/tarobanews.com\/noticias\/ciencia-e-saude\/hospital-evangelico-recebera-doacao-de-r-35-milhoes-de-emenda-parlamentar-veD7q.html<\/a><\/p>\n<p>&nbsp;<\/p>\n","protected":false},"excerpt":{"rendered":"<p>Hospital Evang\u00e9lico receber\u00e1 doa\u00e7\u00e3o de R$ 3,5 milh\u00f5es de emenda parlamentar O Hospital Evang\u00e9lico de Londrina vai receber a doa\u00e7\u00e3o de R$ 3,5 milh\u00f5es de emenda<span class=\"excerpt-hellip\"> [?]<\/span><\/p>\n","protected":false},"author":111,"featured_media":8730,"comment_status":"closed","ping_status":"open","sticky":false,"template":"","format":"standard","meta":{"_joinchat":[],"footnotes":""},"categories":[159,171],"tags":[],"class_list":["post-10117","post","type-post","status-publish","format-standard","has-post-thumbnail","hentry","category-clientes","category-hospital-evangelico"],"_links":{"self":[{"href":"https:\/\/www.inovelondrina.com.br\/agencia\/wp-json\/wp\/v2\/posts\/10117","targetHints":{"allow":["GET"]}}],"collection":[{"href":"https:\/\/www.inovelondrina.com.br\/agencia\/wp-json\/wp\/v2\/posts"}],"about":[{"href":"https:\/\/www.inovelondrina.com.br\/agencia\/wp-json\/wp\/v2\/types\/post"}],"author":[{"embeddable":true,"href":"https:\/\/www.inovelondrina.com.br\/agencia\/wp-json\/wp\/v2\/users\/111"}],"replies":[{"embeddable":true,"href":"https:\/\/www.inovelondrina.com.br\/agencia\/wp-json\/wp\/v2\/comments?post=10117"}],"version-history":[{"count":0,"href":"https:\/\/www.inovelondrina.com.br\/agencia\/wp-json\/wp\/v2\/posts\/10117\/revisions"}],"wp:featuredmedia":[{"embeddable":true,"href":"https:\/\/www.inovelondrina.com.br\/agencia\/wp-json\/wp\/v2\/media\/8730"}],"wp:attachment":[{"href":"https:\/\/www.inovelondrina.com.br\/agencia\/wp-json\/wp\/v2\/media?parent=10117"}],"wp:term":[{"taxonomy":"category","embeddable":true,"href":"https:\/\/www.inovelondrina.com.br\/agencia\/wp-json\/wp\/v2\/categories?post=10117"},{"taxonomy":"post_tag","embeddable":true,"href":"https:\/\/www.inovelondrina.com.br\/agencia\/wp-json\/wp\/v2\/tags?post=10117"}],"curies":[{"name":"wp","href":"https:\/\/api.w.org\/{rel}","templated":true}]}}